{"id":10492,"date":"2022-01-13T10:09:19","date_gmt":"2022-01-13T10:09:19","guid":{"rendered":"https:\/\/felixhotel.net\/fiestas-decennals-de-valls\/"},"modified":"2022-04-06T12:32:58","modified_gmt":"2022-04-06T12:32:58","slug":"fetes-decennales-de-valls","status":"publish","type":"post","link":"https:\/\/felixhotel.net\/fr\/fetes-decennales-de-valls\/","title":{"rendered":"F\u00eates D\u00e9cennales de Valls"},"content":{"rendered":"<p>[et_pb_section fb_built=\u00a0\u00bb1&Prime; _builder_version=\u00a0\u00bb3.22&Prime; min_height=\u00a0\u00bb1191px\u00a0\u00bb custom_margin=\u00a0\u00bb-63px|||||\u00a0\u00bb custom_padding=\u00a0\u00bb||0px|||\u00a0\u00bb global_colors_info=\u00a0\u00bb{}\u00a0\u00bb][et_pb_row _builder_version=\u00a0\u00bb4.10.8&Prime; _module_preset=\u00a0\u00bbdefault\u00a0\u00bb min_height=\u00a0\u00bb188.2px\u00a0\u00bb custom_margin=\u00a0\u00bb-55px|auto||auto||\u00a0\u00bb global_colors_info=\u00a0\u00bb{}\u00a0\u00bb][et_pb_column type=\u00a0\u00bb4_4&Prime; _builder_version=\u00a0\u00bb4.10.8&Prime; _module_preset=\u00a0\u00bbdefault\u00a0\u00bb global_colors_info=\u00a0\u00bb{}\u00a0\u00bb][et_pb_text _builder_version=\u00a0\u00bb4.14.7&Prime; text_font_size=\u00a0\u00bb15px\u00a0\u00bb background_size=\u00a0\u00bbinitial\u00a0\u00bb background_position=\u00a0\u00bbtop_left\u00a0\u00bb background_repeat=\u00a0\u00bbrepeat\u00a0\u00bb width=\u00a0\u00bb100%\u00a0\u00bb hover_enabled=\u00a0\u00bb0&Prime; global_colors_info=\u00a0\u00bb{}\u00a0\u00bb sticky_enabled=\u00a0\u00bb0&Prime;]<\/p>\n<h1><strong><span>La ville de Valls c\u00e9l\u00e8bre les \u00ab\u00a0D\u00e9cennales 2021+1\u00a0\u00bb<\/span><\/strong><\/h1>\n<p><strong><\/strong><\/p>\n<p><span>La ville de Valls est une municipalit\u00e9 situ\u00e9e dans la province de Tarragone, elle compte plus de <strong>24 000 habitants.<\/strong> Le centre-ville se trouve \u00e0 seulement 5 minutes en voiture du <a href=\"\/fr\/\">F\u00e9lix Hotel<\/a>. Pour qui s\u00e9journer dans cet h\u00f4tel pendant le s\u00e9jour \u00e0 Valls est une tr\u00e8s bonne option.<\/span><\/p>\n<p><span>Valls se distingue par ses traditions et ses c\u00e9l\u00e9brations, l&rsquo;une des c\u00e9l\u00e9brations qui auront lieu r\u00e9cemment est les <strong>\u00ab\u00a0Festes Decennals\u00a0\u00bb de Valls<\/strong>, une tradition qui transmet l&rsquo;origine, l&rsquo;histoire et l&rsquo;\u00e9volution de la ville.<\/span><\/p>\n<h3 class=\"sppb-addon-title\"><\/h3>\n<h2><strong><span>Que sont les \u00ab Festes Decennales \u00bb ?<\/span><\/strong><\/h2>\n<p style=\"text-align: justify;\"><span style=\"font-weight: 400;\"><\/span><\/p>\n<p><span>Tous les <strong>10 ans<\/strong>, la ville de Valls et ses habitants vivent l&rsquo;une des f\u00eates les plus traditionnelles et historiques de Catalogne : les <strong>\u00ab\u00a0Festes Decennals de la Mare de D\u00e9u de la Candela\u00a0\u00bb<\/strong>. Cette tradition est pr\u00e9sente dans la ville depuis plus de deux si\u00e8cles. Et cela consiste en ce que chaque ann\u00e9e se terminant par le chiffre \u00ab\u00a01\u00a0\u00bb, la ville c\u00e9l\u00e8bre les \u00ab\u00a0Decennales\u00a0\u00bb, \u00e9galement connues sous le nom de \u00ab\u00a0Festes de la Llum\u00a0\u00bb. C&rsquo;est pourquoi cette ann\u00e9e ce sont les \u00ab\u00a0Festes Decennals 2021+1\u00a0\u00bb, puisque celles de l&rsquo;ann\u00e9e 2021 n&rsquo;ont pas pu \u00eatre c\u00e9l\u00e9br\u00e9es en raison de la crise sanitaire du COVID-19.<\/span><\/p>\n<p><span>Les \u00ab\u00a0Festes Decennals\u00a0\u00bb de Valls b\u00e9n\u00e9ficient d&rsquo;une grande vari\u00e9t\u00e9 d&rsquo;\u00e9v\u00e9nements culturels, r\u00e9cr\u00e9atifs, artistiques, sportifs, de culture populaire, religieux et pour enfants.<\/span><\/p>\n<p><span>Si vous voulez en savoir plus sur ces soir\u00e9es, continuez \u00e0 lire !<\/span><\/p>\n<p>&nbsp;<\/p>\n<p>&nbsp;<\/p>\n<p><!-- \/divi:paragraph --><\/p>\n<p>[\/et_pb_text][\/et_pb_column][\/et_pb_row][et_pb_row column_structure=\u00a0\u00bb2_3,1_3&Prime; _builder_version=\u00a0\u00bb4.10.8&Prime; _module_preset=\u00a0\u00bbdefault\u00a0\u00bb min_height=\u00a0\u00bb369px\u00a0\u00bb custom_margin=\u00a0\u00bb-11px|auto|-40px|auto||\u00a0\u00bb custom_padding=\u00a0\u00bb7px||4px|||\u00a0\u00bb global_colors_info=\u00a0\u00bb{}\u00a0\u00bb][et_pb_column type=\u00a0\u00bb2_3&Prime; _builder_version=\u00a0\u00bb4.10.8&Prime; _module_preset=\u00a0\u00bbdefault\u00a0\u00bb global_colors_info=\u00a0\u00bb{}\u00a0\u00bb][et_pb_text _builder_version=\u00a0\u00bb4.14.7&Prime; _module_preset=\u00a0\u00bbdefault\u00a0\u00bb custom_margin=\u00a0\u00bb-62px|||||\u00a0\u00bb custom_padding=\u00a0\u00bb||0px|||\u00a0\u00bb hover_enabled=\u00a0\u00bb0&Prime; global_colors_info=\u00a0\u00bb{}\u00a0\u00bb sticky_enabled=\u00a0\u00bb0&Prime;]<\/p>\n<h2><strong><span>Quand sont ils?<\/span><\/strong><\/h2>\n<p style=\"text-align: justify;\"><strong><\/strong><\/p>\n<p><span>Cette ann\u00e9e 2022, les \u00ab D\u00e9cennales \u00bb se d\u00e9roulent du <strong>28 janvier au 6 f\u00e9vrier<\/strong>. N\u00e9anmoins, on peut observer que dans le programme des proc\u00e8s-verbaux, que l&rsquo;on peut consulter ici, on voit comment \u00e0 partir du 24e proc\u00e8s-verbal et les pr\u00e9sentations commencent d\u00e9j\u00e0 \u00e0 se faire.<\/span><\/p>\n<p><span>Le jour le plus important, ou celui que tout le monde attend le plus, est le mardi 2 f\u00e9vrier, puisqu&rsquo;il s&rsquo;agit de la <strong>\u00ab\u00a0Diada de la Mare de D\u00e9u de la Candela\u00a0\u00bb<\/strong>, un jour o\u00f9 se d\u00e9roulent des c\u00e9l\u00e9brations et des actes \u00e0 partir de 8: 30h le matin jusqu&rsquo;\u00e0 23h30 le soir. Ce jour-l\u00e0, nous trouvons des concerts de groupes tels que Oques Grasses, Rozal\u00e9n ou la Oreja de Van Gogh, ainsi que des luminaires musicaux et des c\u00e9r\u00e9monies, entre autres.<\/span><\/p>\n<p><span>En continuant les activit\u00e9s, tous les jours, pour seulement <strong>2,50 \u20ac<\/strong>, vous pouvez faire du patin \u00e0 glace \u00e0 El Pilar. De la m\u00eame mani\u00e8re que des ateliers en famille ont lieu les 31 et 3 f\u00e9vrier, comme le 31, un atelier Danse en famille avec Loles Santana ou le 3, un autre intitul\u00e9 \u00ab Tono bouge pour marquer ! \u00bb. Si, en revanche, vous \u00eates passionn\u00e9s de ch\u00e2teaux, d\u00e8s le 28 f\u00e9vrier, 20 activit\u00e9s de dynamisation et de participation pour filles et gar\u00e7ons d\u00e9butent, ainsi que 16 exposants au salon transversal du monde des ch\u00e2teaux.<\/span><\/p>\n<p><span>Les festivit\u00e9s se termineront par un <strong>pyromusical<\/strong> magique et unique qui aura lieu le dimanche 7 au coucher du soleil comme motif de conclusion des festivit\u00e9s.<\/span><\/p>\n<p style=\"text-align: justify;\"><span><\/span><\/p>\n<p>[\/et_pb_text][\/et_pb_column][et_pb_column type=\u00a0\u00bb1_3&Prime; _builder_version=\u00a0\u00bb4.10.8&Prime; _module_preset=\u00a0\u00bbdefault\u00a0\u00bb global_colors_info=\u00a0\u00bb{}\u00a0\u00bb][et_pb_image src=\u00a0\u00bbhttps:\/\/felixhotel.net\/wp-content\/uploads\/2022\/01\/evolucio-tradicio.jpeg\u00a0\u00bb alt=\u00a0\u00bbFestes Decennals de Valls &#8211; F\u00e8lix Hotel\u00a0\u00bb title_text=\u00a0\u00bbFestes Decennals de Valls &#8211; F\u00e8lix Hotel\u00a0\u00bb force_fullwidth=\u00a0\u00bbon\u00a0\u00bb _builder_version=\u00a0\u00bb4.14.4&Prime; _module_preset=\u00a0\u00bbdefault\u00a0\u00bb global_colors_info=\u00a0\u00bb{}\u00a0\u00bb][\/et_pb_image][\/et_pb_column][\/et_pb_row][et_pb_row _builder_version=\u00a0\u00bb4.10.8&Prime; _module_preset=\u00a0\u00bbdefault\u00a0\u00bb min_height=\u00a0\u00bb400px\u00a0\u00bb custom_margin=\u00a0\u00bb-49px|auto||auto||\u00a0\u00bb custom_padding=\u00a0\u00bb||0px|||\u00a0\u00bb global_colors_info=\u00a0\u00bb{}\u00a0\u00bb][et_pb_column type=\u00a0\u00bb4_4&Prime; _builder_version=\u00a0\u00bb4.10.8&Prime; _module_preset=\u00a0\u00bbdefault\u00a0\u00bb global_colors_info=\u00a0\u00bb{}\u00a0\u00bb][et_pb_text _builder_version=\u00a0\u00bb4.14.7&Prime; _module_preset=\u00a0\u00bbdefault\u00a0\u00bb custom_padding=\u00a0\u00bb0px|||||\u00a0\u00bb hover_enabled=\u00a0\u00bb0&Prime; global_colors_info=\u00a0\u00bb{}\u00a0\u00bb sticky_enabled=\u00a0\u00bb0&Prime;]<\/p>\n<h2><strong><span>Billets et bons<\/span><\/strong><\/h2>\n<p><strong><\/strong><\/p>\n<p><span>Vous pouvez acheter vos billets en cliquant ici. Les billets et abonnements sont r\u00e9partis entre : \u00ab Decennals familiars \u00bb ou \u00ab Decennals espectacles \u00bb.<\/span><\/p>\n<ul>\n<li><span><strong>Familiers d\u00e9cennaux<\/strong> : Dans ce cas, nous trouvons 17 \u00e9v\u00e9nements disponibles, ces billets ne d\u00e9passent pas 15 euros, et vous pouvez trouver \u00e0 la fois des billets pour des jours cons\u00e9cutifs et des billets pour les jours que nous pr\u00e9f\u00e9rons.<\/span><\/li>\n<li><span><strong>Decennals Espectacles<\/strong> : Nous avons trouv\u00e9 34 \u00e9v\u00e9nements et 3 abonnements.<\/span><\/li>\n<\/ul>\n<p><span>Nous vous recommandons de ne pas prendre trop de temps pour acheter des billets, car ils ont tendance \u00e0 se vendre tr\u00e8s rapidement.<\/span><\/p>\n<p>[\/et_pb_text][\/et_pb_column][\/et_pb_row][\/et_pb_section][et_pb_section fb_built=\u00a0\u00bb1&Prime; _builder_version=\u00a0\u00bb4.9.4&Prime; _module_preset=\u00a0\u00bbdefault\u00a0\u00bb min_height=\u00a0\u00bb759px\u00a0\u00bb custom_padding=\u00a0\u00bb0px||0px|||\u00a0\u00bb global_colors_info=\u00a0\u00bb{}\u00a0\u00bb][et_pb_row _builder_version=\u00a0\u00bb4.9.4&Prime; _module_preset=\u00a0\u00bbdefault\u00a0\u00bb min_height=\u00a0\u00bb519px\u00a0\u00bb custom_margin=\u00a0\u00bb-5px|auto|-243px|auto||\u00a0\u00bb custom_padding=\u00a0\u00bb0px||0px|||\u00a0\u00bb global_colors_info=\u00a0\u00bb{}\u00a0\u00bb][et_pb_column type=\u00a0\u00bb4_4&Prime; _builder_version=\u00a0\u00bb4.9.4&Prime; _module_preset=\u00a0\u00bbdefault\u00a0\u00bb global_colors_info=\u00a0\u00bb{}\u00a0\u00bb][et_pb_image src=\u00a0\u00bbhttps:\/\/felixhotel.net\/wp-content\/uploads\/2022\/01\/festa-piromusical-valls.jpeg\u00a0\u00bb alt=\u00a0\u00bbFestes Decennals de Valls &#8211; F\u00e8lix Hotel\u00a0\u00bb title_text=\u00a0\u00bbFestes Decennals de Valls &#8211; F\u00e8lix Hotel\u00a0\u00bb align=\u00a0\u00bbcenter\u00a0\u00bb _builder_version=\u00a0\u00bb4.14.4&Prime; _module_preset=\u00a0\u00bbdefault\u00a0\u00bb width=\u00a0\u00bb100%\u00a0\u00bb max_width=\u00a0\u00bb100%\u00a0\u00bb module_alignment=\u00a0\u00bbcenter\u00a0\u00bb min_height=\u00a0\u00bb385px\u00a0\u00bb custom_margin=\u00a0\u00bb-103px||24px|||\u00a0\u00bb custom_padding=\u00a0\u00bb||53px|||\u00a0\u00bb global_colors_info=\u00a0\u00bb{}\u00a0\u00bb][\/et_pb_image][\/et_pb_column][\/et_pb_row][et_pb_row column_structure=\u00a0\u00bb2_5,3_5&Prime; _builder_version=\u00a0\u00bb4.10.8&Prime; _module_preset=\u00a0\u00bbdefault\u00a0\u00bb min_height=\u00a0\u00bb302.3px\u00a0\u00bb custom_margin=\u00a0\u00bb62px|auto||auto||\u00a0\u00bb custom_padding=\u00a0\u00bb0px||0px|||\u00a0\u00bb global_colors_info=\u00a0\u00bb{}\u00a0\u00bb][et_pb_column type=\u00a0\u00bb2_5&Prime; _builder_version=\u00a0\u00bb4.10.8&Prime; _module_preset=\u00a0\u00bbdefault\u00a0\u00bb global_colors_info=\u00a0\u00bb{}\u00a0\u00bb][et_pb_image src=\u00a0\u00bbhttps:\/\/felixhotel.net\/wp-content\/uploads\/2022\/01\/FEL_Hotel_NovesHabitacions_-23-scaled-1.jpeg\u00a0\u00bb alt=\u00a0\u00bbFestes Decennals de Valls &#8211; F\u00e8lix Hotel\u00a0\u00bb title_text=\u00a0\u00bbFestes Decennals de Valls &#8211; F\u00e8lix Hotel\u00a0\u00bb _builder_version=\u00a0\u00bb4.14.4&Prime; _module_preset=\u00a0\u00bbdefault\u00a0\u00bb min_height=\u00a0\u00bb206.4px\u00a0\u00bb global_colors_info=\u00a0\u00bb{}\u00a0\u00bb][\/et_pb_image][\/et_pb_column][et_pb_column type=\u00a0\u00bb3_5&Prime; _builder_version=\u00a0\u00bb4.10.8&Prime; _module_preset=\u00a0\u00bbdefault\u00a0\u00bb global_colors_info=\u00a0\u00bb{}\u00a0\u00bb][et_pb_text _builder_version=\u00a0\u00bb4.14.7&Prime; _module_preset=\u00a0\u00bbdefault\u00a0\u00bb custom_padding=\u00a0\u00bb0px||0px|||\u00a0\u00bb hover_enabled=\u00a0\u00bb0&Prime; global_colors_info=\u00a0\u00bb{}\u00a0\u00bb sticky_enabled=\u00a0\u00bb0&Prime;]<\/p>\n<h2><strong><span>O\u00f9 loger pendant les vacances ?<\/span><\/strong><\/h2>\n<p>&nbsp;<\/p>\n<p><span>\u00c0 seulement <strong>5 minutes en voiture de l&rsquo;endroit o\u00f9 se d\u00e9roulent les f\u00eates d\u00e9cennales de Valls<\/strong>, nous trouvons l&rsquo;h\u00f4tel F\u00e9lix, notre h\u00f4tel \u00e0 Tarragone. Un h\u00f4tel familial parfait pour s\u00e9journer afin de ne manquer aucun jour de f\u00eate.<\/span><\/p>\n<p><span>Au F\u00e9lix H\u00f4tel, vous ne pouvez pas manquer notre chambre familiale, si vous \u00eates accompagn\u00e9 de votre famille, ou la suite avec jacuzzi au Chardonnay si vous partez en couple ou entre amis.<\/span><\/p>\n<p><span>Si vous visitez Valls et les \u00ab Festa Decennals 2021+1 \u00bb, n&rsquo;h\u00e9sitez pas \u00e0 nous taguer sur notre Instagram @<a href=\"https:\/\/www.instagram.com\/felixhotelvalls\/\">felixhotelvalls<\/a>. Nous partagerons vos photos !<\/span><\/p>\n<p>[\/et_pb_text][\/et_pb_column][\/et_pb_row][\/et_pb_section]<\/p>\n","protected":false},"excerpt":{"rendered":"<p>La ville de Valls c\u00e9l\u00e8bre les \u00ab\u00a0D\u00e9cennales 2021+1\u00a0\u00bb La ville de Valls est une municipalit\u00e9 situ\u00e9e dans la province de Tarragone, elle compte plus de 24 000 habitants. Le centre-ville se trouve \u00e0 seulement 5 minutes en voiture du F\u00e9lix Hotel. Pour qui s\u00e9journer dans cet h\u00f4tel pendant le s\u00e9jour \u00e0 Valls est une tr\u00e8s [&hellip;]<\/p>\n","protected":false},"author":3,"featured_media":9702,"comment_status":"closed","ping_status":"open","sticky":false,"template":"","format":"standard","meta":{"_et_pb_use_builder":"on","_et_pb_old_content":"","_et_gb_content_width":"2880","footnotes":""},"categories":[211],"tags":[],"class_list":["post-10492","post","type-post","status-publish","format-standard","has-post-thumbnail","hentry","category-sin-categorizar-fr"],"yoast_head":"<!-- This site is optimized with the Yoast SEO plugin v25.0 - https:\/\/yoast.com\/wordpress\/plugins\/seo\/ -->\n<title>F\u00eates D\u00e9cennales de Valls - Hotel F\u00e9lix<\/title>\n<meta name=\"description\" content=\"From January 28 to February 6, the Valls Decennals Festivals take place, unique festivals that mark the life of the city.\" \/>\n<meta name=\"robots\" content=\"index, follow, max-snippet:-1, max-image-preview:large, max-video-preview:-1\" \/>\n<link rel=\"canonical\" href=\"https:\/\/felixhotel.net\/fr\/fetes-decennales-de-valls\/\" \/>\n<meta property=\"og:locale\" content=\"fr_FR\" \/>\n<meta property=\"og:type\" content=\"article\" \/>\n<meta property=\"og:title\" content=\"F\u00eates D\u00e9cennales de Valls - Hotel F\u00e9lix\" \/>\n<meta property=\"og:description\" content=\"From January 28 to February 6, the Valls Decennals Festivals take place, unique festivals that mark the life of the city.\" \/>\n<meta property=\"og:url\" content=\"https:\/\/felixhotel.net\/fr\/fetes-decennales-de-valls\/\" \/>\n<meta property=\"og:site_name\" content=\"F\u00e8lix Hotel\" \/>\n<meta property=\"article:published_time\" content=\"2022-01-13T10:09:19+00:00\" \/>\n<meta property=\"article:modified_time\" content=\"2022-04-06T12:32:58+00:00\" \/>\n<meta property=\"og:image\" content=\"https:\/\/felixhotel.net\/wp-content\/uploads\/2022\/01\/Captura-de-pantalla-2022-01-12-a-las-9.33.11.png\" \/>\n\t<meta property=\"og:image:width\" content=\"1590\" \/>\n\t<meta property=\"og:image:height\" content=\"1152\" \/>\n\t<meta property=\"og:image:type\" content=\"image\/png\" \/>\n<meta name=\"author\" content=\"F\u00e8lix Hotel\" \/>\n<meta name=\"twitter:card\" content=\"summary_large_image\" \/>\n<meta name=\"twitter:label1\" content=\"\u00c9crit par\" \/>\n\t<meta name=\"twitter:data1\" content=\"F\u00e8lix Hotel\" \/>\n\t<meta name=\"twitter:label2\" content=\"Dur\u00e9e de lecture estim\u00e9e\" \/>\n\t<meta name=\"twitter:data2\" content=\"4 minutes\" \/>\n<script type=\"application\/ld+json\" class=\"yoast-schema-graph\">{\"@context\":\"https:\/\/schema.org\",\"@graph\":[{\"@type\":\"WebPage\",\"@id\":\"https:\/\/felixhotel.net\/fr\/fetes-decennales-de-valls\/\",\"url\":\"https:\/\/felixhotel.net\/fr\/fetes-decennales-de-valls\/\",\"name\":\"F\u00eates D\u00e9cennales de Valls - Hotel F\u00e9lix\",\"isPartOf\":{\"@id\":\"https:\/\/felixhotel.net\/fr\/#website\"},\"primaryImageOfPage\":{\"@id\":\"https:\/\/felixhotel.net\/fr\/fetes-decennales-de-valls\/#primaryimage\"},\"image\":{\"@id\":\"https:\/\/felixhotel.net\/fr\/fetes-decennales-de-valls\/#primaryimage\"},\"thumbnailUrl\":\"https:\/\/felixhotel.net\/wp-content\/uploads\/2022\/01\/Captura-de-pantalla-2022-01-12-a-las-9.33.11.png\",\"datePublished\":\"2022-01-13T10:09:19+00:00\",\"dateModified\":\"2022-04-06T12:32:58+00:00\",\"author\":{\"@id\":\"https:\/\/felixhotel.net\/fr\/#\/schema\/person\/1280b995e5736dab0129a01d5c86ef28\"},\"description\":\"From January 28 to February 6, the Valls Decennals Festivals take place, unique festivals that mark the life of the city.\",\"inLanguage\":\"fr-FR\",\"potentialAction\":[{\"@type\":\"ReadAction\",\"target\":[\"https:\/\/felixhotel.net\/fr\/fetes-decennales-de-valls\/\"]}]},{\"@type\":\"ImageObject\",\"inLanguage\":\"fr-FR\",\"@id\":\"https:\/\/felixhotel.net\/fr\/fetes-decennales-de-valls\/#primaryimage\",\"url\":\"https:\/\/felixhotel.net\/wp-content\/uploads\/2022\/01\/Captura-de-pantalla-2022-01-12-a-las-9.33.11.png\",\"contentUrl\":\"https:\/\/felixhotel.net\/wp-content\/uploads\/2022\/01\/Captura-de-pantalla-2022-01-12-a-las-9.33.11.png\",\"width\":1590,\"height\":1152,\"caption\":\"Festes Decennals de Valls - F\u00e8lix Hotel\"},{\"@type\":\"WebSite\",\"@id\":\"https:\/\/felixhotel.net\/fr\/#website\",\"url\":\"https:\/\/felixhotel.net\/fr\/\",\"name\":\"F\u00e8lix Hotel\",\"description\":\"Hotel en Valls\",\"potentialAction\":[{\"@type\":\"SearchAction\",\"target\":{\"@type\":\"EntryPoint\",\"urlTemplate\":\"https:\/\/felixhotel.net\/fr\/?s={search_term_string}\"},\"query-input\":{\"@type\":\"PropertyValueSpecification\",\"valueRequired\":true,\"valueName\":\"search_term_string\"}}],\"inLanguage\":\"fr-FR\"},{\"@type\":\"Person\",\"@id\":\"https:\/\/felixhotel.net\/fr\/#\/schema\/person\/1280b995e5736dab0129a01d5c86ef28\",\"name\":\"F\u00e8lix Hotel\",\"image\":{\"@type\":\"ImageObject\",\"inLanguage\":\"fr-FR\",\"@id\":\"https:\/\/felixhotel.net\/fr\/#\/schema\/person\/image\/\",\"url\":\"https:\/\/secure.gravatar.com\/avatar\/7b64d242e1a4d971131c51bed91d2809b2d0e71cb40a3fe001133741b4620214?s=96&d=mm&r=g\",\"contentUrl\":\"https:\/\/secure.gravatar.com\/avatar\/7b64d242e1a4d971131c51bed91d2809b2d0e71cb40a3fe001133741b4620214?s=96&d=mm&r=g\",\"caption\":\"F\u00e8lix Hotel\"},\"url\":\"https:\/\/felixhotel.net\/fr\/author\/felix\/\"}]}<\/script>\n<!-- \/ Yoast SEO plugin. -->","yoast_head_json":{"title":"F\u00eates D\u00e9cennales de Valls - Hotel F\u00e9lix","description":"From January 28 to February 6, the Valls Decennals Festivals take place, unique festivals that mark the life of the city.","robots":{"index":"index","follow":"follow","max-snippet":"max-snippet:-1","max-image-preview":"max-image-preview:large","max-video-preview":"max-video-preview:-1"},"canonical":"https:\/\/felixhotel.net\/fr\/fetes-decennales-de-valls\/","og_locale":"fr_FR","og_type":"article","og_title":"F\u00eates D\u00e9cennales de Valls - Hotel F\u00e9lix","og_description":"From January 28 to February 6, the Valls Decennals Festivals take place, unique festivals that mark the life of the city.","og_url":"https:\/\/felixhotel.net\/fr\/fetes-decennales-de-valls\/","og_site_name":"F\u00e8lix Hotel","article_published_time":"2022-01-13T10:09:19+00:00","article_modified_time":"2022-04-06T12:32:58+00:00","og_image":[{"width":1590,"height":1152,"url":"https:\/\/felixhotel.net\/wp-content\/uploads\/2022\/01\/Captura-de-pantalla-2022-01-12-a-las-9.33.11.png","type":"image\/png"}],"author":"F\u00e8lix Hotel","twitter_card":"summary_large_image","twitter_misc":{"\u00c9crit par":"F\u00e8lix Hotel","Dur\u00e9e de lecture estim\u00e9e":"4 minutes"},"schema":{"@context":"https:\/\/schema.org","@graph":[{"@type":"WebPage","@id":"https:\/\/felixhotel.net\/fr\/fetes-decennales-de-valls\/","url":"https:\/\/felixhotel.net\/fr\/fetes-decennales-de-valls\/","name":"F\u00eates D\u00e9cennales de Valls - Hotel F\u00e9lix","isPartOf":{"@id":"https:\/\/felixhotel.net\/fr\/#website"},"primaryImageOfPage":{"@id":"https:\/\/felixhotel.net\/fr\/fetes-decennales-de-valls\/#primaryimage"},"image":{"@id":"https:\/\/felixhotel.net\/fr\/fetes-decennales-de-valls\/#primaryimage"},"thumbnailUrl":"https:\/\/felixhotel.net\/wp-content\/uploads\/2022\/01\/Captura-de-pantalla-2022-01-12-a-las-9.33.11.png","datePublished":"2022-01-13T10:09:19+00:00","dateModified":"2022-04-06T12:32:58+00:00","author":{"@id":"https:\/\/felixhotel.net\/fr\/#\/schema\/person\/1280b995e5736dab0129a01d5c86ef28"},"description":"From January 28 to February 6, the Valls Decennals Festivals take place, unique festivals that mark the life of the city.","inLanguage":"fr-FR","potentialAction":[{"@type":"ReadAction","target":["https:\/\/felixhotel.net\/fr\/fetes-decennales-de-valls\/"]}]},{"@type":"ImageObject","inLanguage":"fr-FR","@id":"https:\/\/felixhotel.net\/fr\/fetes-decennales-de-valls\/#primaryimage","url":"https:\/\/felixhotel.net\/wp-content\/uploads\/2022\/01\/Captura-de-pantalla-2022-01-12-a-las-9.33.11.png","contentUrl":"https:\/\/felixhotel.net\/wp-content\/uploads\/2022\/01\/Captura-de-pantalla-2022-01-12-a-las-9.33.11.png","width":1590,"height":1152,"caption":"Festes Decennals de Valls - F\u00e8lix Hotel"},{"@type":"WebSite","@id":"https:\/\/felixhotel.net\/fr\/#website","url":"https:\/\/felixhotel.net\/fr\/","name":"F\u00e8lix Hotel","description":"Hotel en Valls","potentialAction":[{"@type":"SearchAction","target":{"@type":"EntryPoint","urlTemplate":"https:\/\/felixhotel.net\/fr\/?s={search_term_string}"},"query-input":{"@type":"PropertyValueSpecification","valueRequired":true,"valueName":"search_term_string"}}],"inLanguage":"fr-FR"},{"@type":"Person","@id":"https:\/\/felixhotel.net\/fr\/#\/schema\/person\/1280b995e5736dab0129a01d5c86ef28","name":"F\u00e8lix Hotel","image":{"@type":"ImageObject","inLanguage":"fr-FR","@id":"https:\/\/felixhotel.net\/fr\/#\/schema\/person\/image\/","url":"https:\/\/secure.gravatar.com\/avatar\/7b64d242e1a4d971131c51bed91d2809b2d0e71cb40a3fe001133741b4620214?s=96&d=mm&r=g","contentUrl":"https:\/\/secure.gravatar.com\/avatar\/7b64d242e1a4d971131c51bed91d2809b2d0e71cb40a3fe001133741b4620214?s=96&d=mm&r=g","caption":"F\u00e8lix Hotel"},"url":"https:\/\/felixhotel.net\/fr\/author\/felix\/"}]}},"_links":{"self":[{"href":"https:\/\/felixhotel.net\/fr\/wp-json\/wp\/v2\/posts\/10492","targetHints":{"allow":["GET"]}}],"collection":[{"href":"https:\/\/felixhotel.net\/fr\/wp-json\/wp\/v2\/posts"}],"about":[{"href":"https:\/\/felixhotel.net\/fr\/wp-json\/wp\/v2\/types\/post"}],"author":[{"embeddable":true,"href":"https:\/\/felixhotel.net\/fr\/wp-json\/wp\/v2\/users\/3"}],"replies":[{"embeddable":true,"href":"https:\/\/felixhotel.net\/fr\/wp-json\/wp\/v2\/comments?post=10492"}],"version-history":[{"count":0,"href":"https:\/\/felixhotel.net\/fr\/wp-json\/wp\/v2\/posts\/10492\/revisions"}],"wp:featuredmedia":[{"embeddable":true,"href":"https:\/\/felixhotel.net\/fr\/wp-json\/wp\/v2\/media\/9702"}],"wp:attachment":[{"href":"https:\/\/felixhotel.net\/fr\/wp-json\/wp\/v2\/media?parent=10492"}],"wp:term":[{"taxonomy":"category","embeddable":true,"href":"https:\/\/felixhotel.net\/fr\/wp-json\/wp\/v2\/categories?post=10492"},{"taxonomy":"post_tag","embeddable":true,"href":"https:\/\/felixhotel.net\/fr\/wp-json\/wp\/v2\/tags?post=10492"}],"curies":[{"name":"wp","href":"https:\/\/api.w.org\/{rel}","templated":true}]}}