{"id":12127,"date":"2023-07-12T07:34:12","date_gmt":"2023-07-12T07:34:12","guid":{"rendered":"https:\/\/felixhotel.net\/?p=12127"},"modified":"2023-07-12T07:34:16","modified_gmt":"2023-07-12T07:34:16","slug":"que-veure-a-valls","status":"publish","type":"post","link":"https:\/\/felixhotel.net\/ca\/que-veure-a-valls\/","title":{"rendered":"Qu\u00e8 veure a Valls\u00a0"},"content":{"rendered":"<p>[et_pb_section fb_built=&#8221;1&#8243; _builder_version=&#8221;4.16&#8243; min_height=&#8221;1191px&#8221; custom_margin=&#8221;-63px|||||&#8221; custom_padding=&#8221;||0px|||&#8221; global_colors_info=&#8221;{}&#8221;][et_pb_row column_structure=&#8221;1_2,1_2&#8243; _builder_version=&#8221;4.19.4&#8243; _module_preset=&#8221;default&#8221; global_colors_info=&#8221;{}&#8221;][et_pb_column type=&#8221;1_2&#8243; _builder_version=&#8221;4.19.4&#8243; _module_preset=&#8221;default&#8221; global_colors_info=&#8221;{}&#8221;][et_pb_text _builder_version=&#8221;4.19.4&#8243; _module_preset=&#8221;default&#8221; global_colors_info=&#8221;{}&#8221;]<\/p>\n<div>\n<h2><strong><span lang=\"CA\">Punts tur\u00edstics<\/span><\/strong><\/h2>\n<p><strong><span lang=\"CA\"><\/span><\/strong><\/p>\n<p><strong><span lang=\"CA\"><\/span><\/strong><\/p>\n<p><strong><span lang=\"CA\"><\/span><\/strong><\/p>\n<p><span lang=\"CA\">La ciutat de <strong><a href=\"https:\/\/www.google.es\/maps\/place\/43800+Valls,+Tarragona\/@41.2902296,1.229163,14z\/data=!3m1!4b1!4m6!3m5!1s0x12a4008b72e6778f:0xfabb31b38290fcf0!8m2!3d41.2854449!4d1.2494589!16zL20vMGxrcXM?entry=ttu\">Valls<\/a><\/strong>, situada a la prov\u00edncia de Tarragona, \u00e9s una poblaci\u00f3 plena de <strong><a href=\"https:\/\/www.valls.cat\/turisme\">llocs tur\u00edstics<\/a><\/strong> de visita obligada, que van des de llocs hist\u00f2rics i monuments fins a atractius naturals. En aquest bloc et mostrarem qu\u00e8 veure a Valls, que forma part de l&#8217;entorn de <strong><a href=\"https:\/\/felixhotel.net\/ca\/\">F\u00e8lix Hotel. <\/a><\/strong><\/span><\/p>\n<p><span lang=\"CA\">La rica hist\u00f2ria de la ciutat \u00e9s evident en els seus<b> llocs hist\u00f2rics <\/b>i <b>monuments<\/b> ben <b>conservats<\/b>, que ofereixen una visi\u00f3 del passat. <\/span><\/p>\n<p><span lang=\"CA\">Un dels <b>atractius destacats<\/b> de Valls \u00e9s el <a href=\"https:\/\/www.valls.cat\/74-turisme\/llocs-int-tur\/450-monument-als-xiquets-de-valls\"><b>Monument als Xiquets de Valls<\/b><\/a>, situat a la <b>pla\u00e7a del Pati<\/b>. Aquest monument ret homenatge a la colla castellera local i \u00e9s un <b>s\u00edmbol significatiu<\/b> del <b>patrimoni cultural<\/b> de la vila. Seguint aquesta l\u00ednia castellera, la <b>pla\u00e7a del Blat<\/b>, coneguda com el <b>Quilometro Zero del M\u00f3n Casteller<\/b>, \u00e9s un altre atractiu cultural que veure a Valls, on els visitants poden presenciar les tradicionals actuacions castelleres. <\/span><\/p>\n<p><span lang=\"CA\">A Valls, tamb\u00e9 hi podem trobar <b>restes arquitect\u00f2niques,<\/b> com els <strong><a href=\"https:\/\/www.poblesdecatalunya.cat\/element.php?e=13003\">Arcs de Ca<span class=\"apple-converted-space\">\u00a0<\/span><\/a><\/strong><\/span><strong><a href=\"https:\/\/www.poblesdecatalunya.cat\/element.php?e=13003\"><span class=\"hiddenspellerror\">Magran\u00e9<\/span><\/a><\/strong>, restes de l&#8217;antic <a href=\"https:\/\/www.poblesdecatalunya.cat\/element.php?e=13003\"><b>Celler Paborde<\/b><\/a>. Es poden veure clarament tres arcs apuntats, encegats per parets de ma\u00f3 de construcci\u00f3 moderna. En els laterals dels arcs, resten tamb\u00e9 part dels murs de c\u00e0rrega. A m\u00e9s, els visitants de la ciutat, sempre poden explorar les ru\u00efnes romanes de Tarragona, que mostren l&#8217;esplendor de la ciutat en aquella \u00e8poca i no queda molt lluny.<\/p>\n<p>Aquests llocs i <b>monuments hist\u00f2rics<\/b> s\u00f3n una bona resposta a qu\u00e8 veure a Valls, ja que, <b>ofereixen<\/b> una visi\u00f3 fascinant de la <b>hist\u00f2ria<\/b> de la <b>ciutat<\/b> i s\u00f3n una visita obligada per als entusiastes de la hist\u00f2ria.<o:p><\/o:p><\/p>\n<\/div>\n<p>[\/et_pb_text][\/et_pb_column][et_pb_column type=&#8221;1_2&#8243; _builder_version=&#8221;4.19.4&#8243; _module_preset=&#8221;default&#8221; global_colors_info=&#8221;{}&#8221;][et_pb_image src=&#8221;https:\/\/felixhotel.net\/wp-content\/uploads\/2023\/07\/Captura-de-pantalla-2023-07-07-a-las-10.35.43.webp&#8221; alt=&#8221;que veure a Valls&#8221; title_text=&#8221;que veure a Valls&#8221; _builder_version=&#8221;4.19.4&#8243; _module_preset=&#8221;default&#8221; global_colors_info=&#8221;{}&#8221;][\/et_pb_image][\/et_pb_column][\/et_pb_row][et_pb_row column_structure=&#8221;1_2,1_2&#8243; _builder_version=&#8221;4.19.4&#8243; _module_preset=&#8221;default&#8221; global_colors_info=&#8221;{}&#8221;][et_pb_column type=&#8221;1_2&#8243; _builder_version=&#8221;4.19.4&#8243; _module_preset=&#8221;default&#8221; global_colors_info=&#8221;{}&#8221;][et_pb_image src=&#8221;https:\/\/felixhotel.net\/wp-content\/uploads\/2023\/07\/Captura-de-pantalla-2023-07-07-a-las-10.41.55.webp&#8221; alt=&#8221;que veure a Valls&#8221; title_text=&#8221;que veure a Valls&#8221; _builder_version=&#8221;4.19.4&#8243; _module_preset=&#8221;default&#8221; global_colors_info=&#8221;{}&#8221;][\/et_pb_image][\/et_pb_column][et_pb_column type=&#8221;1_2&#8243; _builder_version=&#8221;4.19.4&#8243; _module_preset=&#8221;default&#8221; global_colors_info=&#8221;{}&#8221;][et_pb_text _builder_version=&#8221;4.19.4&#8243; _module_preset=&#8221;default&#8221; global_colors_info=&#8221;{}&#8221;]<\/p>\n<div>\n<h2><strong><span lang=\"CA\">Envoltat de natura<\/span><\/strong><\/h2>\n<p><strong><span lang=\"CA\"><\/span><\/strong><\/p>\n<p><strong><span lang=\"CA\"><\/span><\/strong><\/p>\n<p><span lang=\"CA\">Qu\u00e8 veure a Valls pels amants de la natura? Els <b>amants de la natura<\/b> tamb\u00e9 trobaran molt per <b>explorar<\/b> a Valls. La poblaci\u00f3 acull <b>atractius naturals <\/b>com les Olles d&#8217;Horta, estanys naturals que s\u00f3n llocs de bany populars durant l&#8217;estiu. Aquests <b>paisatges<\/b> naturals ofereixen un <b>refugi<\/b> <b>tranquil<\/b> i una <b>oportunitat<\/b> de <b>connectar<\/b> amb la <b>natura<\/b>. <\/span><\/p>\n<p><span lang=\"CA\">Tant si es tracta d&#8217;una <b>passejada<\/b> <b>tranquil\u00b7la<\/b> com d&#8217;un <b>p\u00edcnic<\/b> al costat dels <b>estanys<\/b>, els visitants poden submergir-se en la <b>bellesa<\/b> de <b>l&#8217;entorn<\/b> <b>natural<\/b> de Valls. A m\u00e9s, la <b>ciutat<\/b> est\u00e0 <b>envoltada<\/b> d&#8217;un <b>paisatge<\/b> <b>pintoresc<\/b>, que ofereix oportunitats per fer <b>senderisme<\/b> i <b>activitats<\/b> a <b>l&#8217;aire<\/b> <b>lliure<\/b>, molt populars entre la gent de la zona.<o:p><\/o:p><\/span><\/p>\n<\/div>\n<p>[\/et_pb_text][\/et_pb_column][\/et_pb_row][et_pb_row _builder_version=&#8221;4.19.4&#8243; _module_preset=&#8221;default&#8221; global_colors_info=&#8221;{}&#8221;][et_pb_column type=&#8221;4_4&#8243; _builder_version=&#8221;4.19.4&#8243; _module_preset=&#8221;default&#8221; global_colors_info=&#8221;{}&#8221;][et_pb_text _builder_version=&#8221;4.19.4&#8243; _module_preset=&#8221;default&#8221; global_colors_info=&#8221;{}&#8221;]<\/p>\n<div>\n<h2><strong><span lang=\"CA\">Edificis hist\u00f2rics<\/span><\/strong><\/h2>\n<p><span lang=\"CA\"><\/span><\/p>\n<p><span lang=\"CA\"><\/span><\/p>\n<p><span lang=\"CA\">Valls tamb\u00e9 \u00e9s coneguda per les seves atraccions culturals i art\u00edstiques vibrants. L&#8217;<strong><a href=\"https:\/\/www.catalunya.com\/esglesia-de-sant-joan-17-16003-571332?language=ca\">Esgl\u00e9sia de Sant Joan <\/a><\/strong>\u00e9s una fita cultural destacada de la ciutat, coneguda per la seva <b>arquitectura<\/b> <b>impressionant<\/b> i la seva <b>import\u00e0ncia<\/b> <b>religiosa<\/b>. Aix\u00ed, com la<a href=\"https:\/\/www.valls.cat\/74-turisme\/llocs-int-tur\/446-capella-del-roser\"> <b>Capella del Roser<\/b><\/a><b>,<\/b> que t\u00e9 com a curiositat els <b>mosaics<\/b> de la batalla de Lepant. Tamb\u00e9 <a href=\"https:\/\/www.museudevalls.cat\"><b>El Museu de Valls<\/b><\/a> \u00e9s una resposta a la pregunta de qu\u00e8 veure a Valls. \u00c9s una visita obligada per als <b>aficionats a l&#8217;art<\/b>, ja que presenta una col\u00b7lecci\u00f3 d&#8217;obres que remarquen el patrimoni cultural de la vila. <\/span><\/p>\n<p><span lang=\"CA\">La primera <b>biblioteca p\u00fablica<\/b> de tota Catalunya hi \u00e9s a Valls. La <strong><a href=\"https:\/\/cultura.gencat.cat\/ca\/temes\/commemoracions\/100-anys-de-biblioteques-populars\/biblioteques\/biblioteca-popular-de-valls\/\">Biblioteca Popular de Valls<\/a><\/strong>, inaugurada l&#8217;any 1918, va ser la primera de tota la comunitat aut\u00f2noma. A m\u00e9s, la poblaci\u00f3 <b>acull<\/b> durant tot l&#8217;any <b>diferents<\/b> <b>esdeveniments<\/b> i <b>festivals<\/b> <b>culturals<\/b>, com el f<b>estival de fotografia<span class=\"apple-converted-space\">\u00a0<\/span><\/b><\/span><span class=\"hiddenspellerror\"><span><b>SCAN<\/b><\/span><\/span><span class=\"apple-converted-space\"><b><span>\u00a0<\/span>Tarragona.<\/b> I, al seu teatre, E<b>l <a href=\"https:\/\/www.valls.cat\/74-turisme\/llocs-int-tur\/449-teatre-principal\">Teatre Principal de Valls <\/a><\/b>(el segon teatre m\u00e9s antic de Catalunya que encara conserva la seva estructura) es representen i s&#8217;acullen moltes <b>obres i esdeveniments culturals. <\/b>Aquests aspectes culturals i art\u00edstics afegeixen l&#8217;ambient vibrant de Valls i permeten als visitants una comprensi\u00f3 m\u00e9s profunda del ric patrimoni cultural de la ciutat.<\/span><o:p><\/o:p><\/p>\n<\/div>\n<p>[\/et_pb_text][\/et_pb_column][\/et_pb_row][et_pb_row _builder_version=&#8221;4.16&#8243; _module_preset=&#8221;default&#8221; min_height=&#8221;391px&#8221; custom_margin=&#8221;-11px|auto|-40px|auto||&#8221; custom_padding=&#8221;7px||0px|||&#8221; global_colors_info=&#8221;{}&#8221;][et_pb_column type=&#8221;4_4&#8243; _builder_version=&#8221;4.16&#8243; _module_preset=&#8221;default&#8221; global_colors_info=&#8221;{}&#8221;][et_pb_image src=&#8221;https:\/\/felixhotel.net\/wp-content\/uploads\/2023\/07\/Captura-de-pantalla-2023-07-07-a-las-10.47.31.webp&#8221; alt=&#8221;que veure a Valls&#8221; title_text=&#8221;que veure a Valls&#8221; align=&#8221;center&#8221; _builder_version=&#8221;4.19.4&#8243; _module_preset=&#8221;default&#8221; global_colors_info=&#8221;{}&#8221;][\/et_pb_image][\/et_pb_column][\/et_pb_row][\/et_pb_section][et_pb_section fb_built=&#8221;1&#8243; _builder_version=&#8221;4.19.4&#8243; _module_preset=&#8221;default&#8221; global_colors_info=&#8221;{}&#8221;][et_pb_row column_structure=&#8221;1_2,1_2&#8243; _builder_version=&#8221;4.19.4&#8243; _module_preset=&#8221;default&#8221; global_colors_info=&#8221;{}&#8221;][et_pb_column type=&#8221;1_2&#8243; _builder_version=&#8221;4.19.4&#8243; _module_preset=&#8221;default&#8221; global_colors_info=&#8221;{}&#8221;][et_pb_image src=&#8221;https:\/\/felixhotel.net\/wp-content\/uploads\/2022\/11\/FEL-Gener-22-005.jpg&#8221; title_text=&#8221;FEL &#8211; Gener 22-005&#8243; _builder_version=&#8221;4.19.4&#8243; _module_preset=&#8221;default&#8221; global_colors_info=&#8221;{}&#8221;][\/et_pb_image][\/et_pb_column][et_pb_column type=&#8221;1_2&#8243; _builder_version=&#8221;4.19.4&#8243; _module_preset=&#8221;default&#8221; global_colors_info=&#8221;{}&#8221;][et_pb_text _builder_version=&#8221;4.19.4&#8243; _module_preset=&#8221;default&#8221; global_colors_info=&#8221;{}&#8221;]<\/p>\n<h3><strong><span lang=\"CA\">On allotjar-se per explorar tot el que veure a Valls?<\/span><\/strong><\/h3>\n<div><\/div>\n<p>&nbsp;<\/p>\n<p>Sens dubte, podeu allotjar-vos a l&#8217;hotel d&#8217;<a href=\"https:\/\/felixhotel.net\/\">hote<strong>l de Valls<\/strong><\/a><strong>, F\u00e8lix Hotel.<\/strong><\/p>\n<p>Si ens visiteu no podeu perdre-us les suites com la <a href=\"https:\/\/felixhotel.net\/habitaciones\/suite-con-jacuzzi-macabeu\/\"><strong>banyera d&#8217;hidromassatge Macabeu<\/strong><\/a>. Qu\u00e8 millor que descansar despr\u00e9s d&#8217;un dia ple d&#8217;activitat?<\/p>\n<p><span lang=\"CA\">Si visiteu qualsevol punt tur\u00edstic de la ciutat de Valls,\u00a0<\/span>no dubteu a etiquetar-nos en el nostre Instagram <a href=\"https:\/\/www.instagram.com\/felixhotelvalls\/\"><strong>@felixhotelvalls<\/strong><\/a>. Compartirem les vostres fotografies!<\/p>\n<p>[\/et_pb_text][\/et_pb_column][\/et_pb_row][\/et_pb_section]<\/p>\n","protected":false},"excerpt":{"rendered":"<p>Punts tur\u00edstics La ciutat de Valls, situada a la prov\u00edncia de Tarragona, \u00e9s una poblaci\u00f3 plena de llocs tur\u00edstics de visita obligada, que van des de llocs hist\u00f2rics i monuments fins a atractius naturals. En aquest bloc et mostrarem qu\u00e8 veure a Valls, que forma part de l&#8217;entorn de F\u00e8lix Hotel. La rica hist\u00f2ria de [&hellip;]<\/p>\n","protected":false},"author":13,"featured_media":12132,"comment_status":"closed","ping_status":"open","sticky":false,"template":"","format":"standard","meta":{"_et_pb_use_builder":"on","_et_pb_old_content":"","_et_gb_content_width":"2880","footnotes":""},"categories":[1,30],"tags":[],"class_list":["post-12127","post","type-post","status-publish","format-standard","has-post-thumbnail","hentry","category-sin-categorizar","category-uncategorized"],"yoast_head":"<!-- This site is optimized with the Yoast SEO plugin v25.0 - https:\/\/yoast.com\/wordpress\/plugins\/seo\/ -->\n<title>Qu\u00e8 veure a Valls - F\u00e8lix Hotel<\/title>\n<meta name=\"description\" content=\"En aquest bloc mostrem qu\u00e8 veure a Valls. Diferents punts tur\u00edstics i populars per a visitar a la ciutat i els seus voltants.\" \/>\n<meta name=\"robots\" content=\"index, follow, max-snippet:-1, max-image-preview:large, max-video-preview:-1\" \/>\n<link rel=\"canonical\" href=\"https:\/\/felixhotel.net\/ca\/que-veure-a-valls\/\" \/>\n<meta property=\"og:locale\" content=\"ca_ES\" \/>\n<meta property=\"og:type\" content=\"article\" \/>\n<meta property=\"og:title\" content=\"Qu\u00e8 veure a Valls - F\u00e8lix Hotel\" \/>\n<meta property=\"og:description\" content=\"En aquest bloc mostrem qu\u00e8 veure a Valls. Diferents punts tur\u00edstics i populars per a visitar a la ciutat i els seus voltants.\" \/>\n<meta property=\"og:url\" content=\"https:\/\/felixhotel.net\/ca\/que-veure-a-valls\/\" \/>\n<meta property=\"og:site_name\" content=\"F\u00e8lix Hotel\" \/>\n<meta property=\"article:published_time\" content=\"2023-07-12T07:34:12+00:00\" \/>\n<meta property=\"article:modified_time\" content=\"2023-07-12T07:34:16+00:00\" \/>\n<meta property=\"og:image\" content=\"https:\/\/felixhotel.net\/wp-content\/uploads\/2023\/07\/Diseno-sin-titulo.webp\" \/>\n\t<meta property=\"og:image:width\" content=\"1920\" \/>\n\t<meta property=\"og:image:height\" content=\"1080\" \/>\n\t<meta property=\"og:image:type\" content=\"image\/webp\" \/>\n<meta name=\"author\" content=\"Mar\u00eda Cebri\u00e1n\" \/>\n<meta name=\"twitter:card\" content=\"summary_large_image\" \/>\n<meta name=\"twitter:label1\" content=\"Escrit per\" \/>\n\t<meta name=\"twitter:data1\" content=\"Mar\u00eda Cebri\u00e1n\" \/>\n\t<meta name=\"twitter:label2\" content=\"Temps estimat de lectura\" \/>\n\t<meta name=\"twitter:data2\" content=\"4 minuts\" \/>\n<script type=\"application\/ld+json\" class=\"yoast-schema-graph\">{\"@context\":\"https:\/\/schema.org\",\"@graph\":[{\"@type\":\"WebPage\",\"@id\":\"https:\/\/felixhotel.net\/ca\/que-veure-a-valls\/\",\"url\":\"https:\/\/felixhotel.net\/ca\/que-veure-a-valls\/\",\"name\":\"Qu\u00e8 veure a Valls - F\u00e8lix Hotel\",\"isPartOf\":{\"@id\":\"https:\/\/felixhotel.net\/ca\/#website\"},\"primaryImageOfPage\":{\"@id\":\"https:\/\/felixhotel.net\/ca\/que-veure-a-valls\/#primaryimage\"},\"image\":{\"@id\":\"https:\/\/felixhotel.net\/ca\/que-veure-a-valls\/#primaryimage\"},\"thumbnailUrl\":\"https:\/\/felixhotel.net\/wp-content\/uploads\/2023\/07\/Diseno-sin-titulo.webp\",\"datePublished\":\"2023-07-12T07:34:12+00:00\",\"dateModified\":\"2023-07-12T07:34:16+00:00\",\"author\":{\"@id\":\"https:\/\/felixhotel.net\/ca\/#\/schema\/person\/75ea04362fc446a993df4028c6698be9\"},\"description\":\"En aquest bloc mostrem qu\u00e8 veure a Valls. Diferents punts tur\u00edstics i populars per a visitar a la ciutat i els seus voltants.\",\"inLanguage\":\"ca\",\"potentialAction\":[{\"@type\":\"ReadAction\",\"target\":[\"https:\/\/felixhotel.net\/ca\/que-veure-a-valls\/\"]}]},{\"@type\":\"ImageObject\",\"inLanguage\":\"ca\",\"@id\":\"https:\/\/felixhotel.net\/ca\/que-veure-a-valls\/#primaryimage\",\"url\":\"https:\/\/felixhotel.net\/wp-content\/uploads\/2023\/07\/Diseno-sin-titulo.webp\",\"contentUrl\":\"https:\/\/felixhotel.net\/wp-content\/uploads\/2023\/07\/Diseno-sin-titulo.webp\",\"width\":1920,\"height\":1080,\"caption\":\"que veure a Valls\"},{\"@type\":\"WebSite\",\"@id\":\"https:\/\/felixhotel.net\/ca\/#website\",\"url\":\"https:\/\/felixhotel.net\/ca\/\",\"name\":\"F\u00e8lix Hotel\",\"description\":\"Hotel en Valls\",\"potentialAction\":[{\"@type\":\"SearchAction\",\"target\":{\"@type\":\"EntryPoint\",\"urlTemplate\":\"https:\/\/felixhotel.net\/ca\/?s={search_term_string}\"},\"query-input\":{\"@type\":\"PropertyValueSpecification\",\"valueRequired\":true,\"valueName\":\"search_term_string\"}}],\"inLanguage\":\"ca\"},{\"@type\":\"Person\",\"@id\":\"https:\/\/felixhotel.net\/ca\/#\/schema\/person\/75ea04362fc446a993df4028c6698be9\",\"name\":\"Mar\u00eda Cebri\u00e1n\",\"image\":{\"@type\":\"ImageObject\",\"inLanguage\":\"ca\",\"@id\":\"https:\/\/felixhotel.net\/ca\/#\/schema\/person\/image\/\",\"url\":\"https:\/\/secure.gravatar.com\/avatar\/bac6cb8f7fbee021d1b6b9553c00a01d32e3bbef10cad770e83b584c805609c0?s=96&d=mm&r=g\",\"contentUrl\":\"https:\/\/secure.gravatar.com\/avatar\/bac6cb8f7fbee021d1b6b9553c00a01d32e3bbef10cad770e83b584c805609c0?s=96&d=mm&r=g\",\"caption\":\"Mar\u00eda Cebri\u00e1n\"},\"url\":\"https:\/\/felixhotel.net\/ca\/author\/mcebrian\/\"}]}<\/script>\n<!-- \/ Yoast SEO plugin. -->","yoast_head_json":{"title":"Qu\u00e8 veure a Valls - F\u00e8lix Hotel","description":"En aquest bloc mostrem qu\u00e8 veure a Valls. Diferents punts tur\u00edstics i populars per a visitar a la ciutat i els seus voltants.","robots":{"index":"index","follow":"follow","max-snippet":"max-snippet:-1","max-image-preview":"max-image-preview:large","max-video-preview":"max-video-preview:-1"},"canonical":"https:\/\/felixhotel.net\/ca\/que-veure-a-valls\/","og_locale":"ca_ES","og_type":"article","og_title":"Qu\u00e8 veure a Valls - F\u00e8lix Hotel","og_description":"En aquest bloc mostrem qu\u00e8 veure a Valls. Diferents punts tur\u00edstics i populars per a visitar a la ciutat i els seus voltants.","og_url":"https:\/\/felixhotel.net\/ca\/que-veure-a-valls\/","og_site_name":"F\u00e8lix Hotel","article_published_time":"2023-07-12T07:34:12+00:00","article_modified_time":"2023-07-12T07:34:16+00:00","og_image":[{"width":1920,"height":1080,"url":"https:\/\/felixhotel.net\/wp-content\/uploads\/2023\/07\/Diseno-sin-titulo.webp","type":"image\/webp"}],"author":"Mar\u00eda Cebri\u00e1n","twitter_card":"summary_large_image","twitter_misc":{"Escrit per":"Mar\u00eda Cebri\u00e1n","Temps estimat de lectura":"4 minuts"},"schema":{"@context":"https:\/\/schema.org","@graph":[{"@type":"WebPage","@id":"https:\/\/felixhotel.net\/ca\/que-veure-a-valls\/","url":"https:\/\/felixhotel.net\/ca\/que-veure-a-valls\/","name":"Qu\u00e8 veure a Valls - F\u00e8lix Hotel","isPartOf":{"@id":"https:\/\/felixhotel.net\/ca\/#website"},"primaryImageOfPage":{"@id":"https:\/\/felixhotel.net\/ca\/que-veure-a-valls\/#primaryimage"},"image":{"@id":"https:\/\/felixhotel.net\/ca\/que-veure-a-valls\/#primaryimage"},"thumbnailUrl":"https:\/\/felixhotel.net\/wp-content\/uploads\/2023\/07\/Diseno-sin-titulo.webp","datePublished":"2023-07-12T07:34:12+00:00","dateModified":"2023-07-12T07:34:16+00:00","author":{"@id":"https:\/\/felixhotel.net\/ca\/#\/schema\/person\/75ea04362fc446a993df4028c6698be9"},"description":"En aquest bloc mostrem qu\u00e8 veure a Valls. Diferents punts tur\u00edstics i populars per a visitar a la ciutat i els seus voltants.","inLanguage":"ca","potentialAction":[{"@type":"ReadAction","target":["https:\/\/felixhotel.net\/ca\/que-veure-a-valls\/"]}]},{"@type":"ImageObject","inLanguage":"ca","@id":"https:\/\/felixhotel.net\/ca\/que-veure-a-valls\/#primaryimage","url":"https:\/\/felixhotel.net\/wp-content\/uploads\/2023\/07\/Diseno-sin-titulo.webp","contentUrl":"https:\/\/felixhotel.net\/wp-content\/uploads\/2023\/07\/Diseno-sin-titulo.webp","width":1920,"height":1080,"caption":"que veure a Valls"},{"@type":"WebSite","@id":"https:\/\/felixhotel.net\/ca\/#website","url":"https:\/\/felixhotel.net\/ca\/","name":"F\u00e8lix Hotel","description":"Hotel en Valls","potentialAction":[{"@type":"SearchAction","target":{"@type":"EntryPoint","urlTemplate":"https:\/\/felixhotel.net\/ca\/?s={search_term_string}"},"query-input":{"@type":"PropertyValueSpecification","valueRequired":true,"valueName":"search_term_string"}}],"inLanguage":"ca"},{"@type":"Person","@id":"https:\/\/felixhotel.net\/ca\/#\/schema\/person\/75ea04362fc446a993df4028c6698be9","name":"Mar\u00eda Cebri\u00e1n","image":{"@type":"ImageObject","inLanguage":"ca","@id":"https:\/\/felixhotel.net\/ca\/#\/schema\/person\/image\/","url":"https:\/\/secure.gravatar.com\/avatar\/bac6cb8f7fbee021d1b6b9553c00a01d32e3bbef10cad770e83b584c805609c0?s=96&d=mm&r=g","contentUrl":"https:\/\/secure.gravatar.com\/avatar\/bac6cb8f7fbee021d1b6b9553c00a01d32e3bbef10cad770e83b584c805609c0?s=96&d=mm&r=g","caption":"Mar\u00eda Cebri\u00e1n"},"url":"https:\/\/felixhotel.net\/ca\/author\/mcebrian\/"}]}},"_links":{"self":[{"href":"https:\/\/felixhotel.net\/ca\/wp-json\/wp\/v2\/posts\/12127","targetHints":{"allow":["GET"]}}],"collection":[{"href":"https:\/\/felixhotel.net\/ca\/wp-json\/wp\/v2\/posts"}],"about":[{"href":"https:\/\/felixhotel.net\/ca\/wp-json\/wp\/v2\/types\/post"}],"author":[{"embeddable":true,"href":"https:\/\/felixhotel.net\/ca\/wp-json\/wp\/v2\/users\/13"}],"replies":[{"embeddable":true,"href":"https:\/\/felixhotel.net\/ca\/wp-json\/wp\/v2\/comments?post=12127"}],"version-history":[{"count":0,"href":"https:\/\/felixhotel.net\/ca\/wp-json\/wp\/v2\/posts\/12127\/revisions"}],"wp:featuredmedia":[{"embeddable":true,"href":"https:\/\/felixhotel.net\/ca\/wp-json\/wp\/v2\/media\/12132"}],"wp:attachment":[{"href":"https:\/\/felixhotel.net\/ca\/wp-json\/wp\/v2\/media?parent=12127"}],"wp:term":[{"taxonomy":"category","embeddable":true,"href":"https:\/\/felixhotel.net\/ca\/wp-json\/wp\/v2\/categories?post=12127"},{"taxonomy":"post_tag","embeddable":true,"href":"https:\/\/felixhotel.net\/ca\/wp-json\/wp\/v2\/tags?post=12127"}],"curies":[{"name":"wp","href":"https:\/\/api.w.org\/{rel}","templated":true}]}}