{"id":10267,"date":"2022-03-09T11:51:57","date_gmt":"2022-03-09T11:51:57","guid":{"rendered":"https:\/\/felixhotel.net\/?p=10267"},"modified":"2023-05-17T09:40:22","modified_gmt":"2023-05-17T09:40:22","slug":"setmana-medieval-a-montblanc","status":"publish","type":"post","link":"https:\/\/felixhotel.net\/ca\/setmana-medieval-a-montblanc\/","title":{"rendered":"Setmana Medieval a Montblanc"},"content":{"rendered":"<p>[et_pb_section fb_built=&#8221;1&#8243; _builder_version=&#8221;4.16&#8243; min_height=&#8221;1101.7px&#8221; global_colors_info=&#8221;{}&#8221;][et_pb_row _builder_version=&#8221;4.16&#8243; background_size=&#8221;initial&#8221; background_position=&#8221;top_left&#8221; background_repeat=&#8221;repeat&#8221; custom_margin=&#8221;|auto|-73px|auto||&#8221; custom_padding=&#8221;0px||0px|||&#8221; global_colors_info=&#8221;{}&#8221;][et_pb_column type=&#8221;4_4&#8243; _builder_version=&#8221;4.16&#8243; custom_padding=&#8221;|||&#8221; global_colors_info=&#8221;{}&#8221; custom_padding__hover=&#8221;|||&#8221;][et_pb_text _builder_version=&#8221;4.16&#8243; text_font_size=&#8221;15px&#8221; background_size=&#8221;initial&#8221; background_position=&#8221;top_left&#8221; background_repeat=&#8221;repeat&#8221; min_height=&#8221;173px&#8221; global_colors_info=&#8221;{}&#8221;]<\/p>\n<h1 style=\"text-align: justify;\"><strong>Montblanc: una localitat amb tradici\u00f3<\/strong><\/h1>\n<p style=\"text-align: justify;\"><span style=\"font-weight: 400;\"><\/span><\/p>\n<p style=\"text-align: justify;\"><span style=\"font-weight: 400;\"><strong>Montblanc<\/strong> \u00e9s un municipi ubicat a la prov\u00edncia de <strong>Tarragona<\/strong> i \u00e9s la capital de la <strong>Conca<\/strong> <strong>de<\/strong> <strong>Barber\u00e0<\/strong>, actualment aquesta localitat compta amb una poblaci\u00f3 de 7.433 habitants. El seu nucli antic est\u00e0 declarat com a <strong>conjunt<\/strong> <strong>hist\u00f2ric-art\u00edstic<\/strong> a causa de la gran hist\u00f2ria i tradici\u00f3 que gaudeix la localitat.\u00a0<\/span><\/p>\n<p><span style=\"font-weight: 400;\">A nom\u00e9s <strong>20 minuts en cotxe<\/strong> de Montblanc, trobem <a href=\"https:\/\/felixhotel.net\/ca\/\"><strong>F\u00e8lix Hotel<\/strong>.<\/a> situat a Valls, un lloc perfecte on allotjar-se durant la <strong>Setmana Medieval de Montblanc<\/strong>.<\/span><\/p>\n<p>&nbsp;<\/p>\n<p><!-- \/divi:paragraph -->[\/et_pb_text][et_pb_text _builder_version=&#8221;4.16&#8243; text_font_size=&#8221;15px&#8221; background_size=&#8221;initial&#8221; background_position=&#8221;top_left&#8221; background_repeat=&#8221;repeat&#8221; min_height=&#8221;139px&#8221; custom_margin=&#8221;-25px|||||&#8221; custom_padding=&#8221;||2px|||&#8221; global_colors_info=&#8221;{}&#8221;]<\/p>\n<h2 style=\"text-align: justify;\"><strong>Montblanc Medieval<\/strong><\/h2>\n<p style=\"text-align: justify;\"><strong><\/strong><\/p>\n<p style=\"text-align: justify;\"><span style=\"font-weight: 400;\">Durant aquest any 2022, se celebrar\u00e0 la <strong>35ena edici\u00f3 de la Setmana Medieval a Montblanc<\/strong> sota el nom <strong>Montblanc Medieval<\/strong>. Els dies que es portaran a terme aquestes festes s\u00f3n del <strong>22 d\u2019abril<\/strong> a l\u2019<strong>1 de maig<\/strong>.\u00a0\u00a0<\/span><\/p>\n<p><span style=\"font-weight: 400;\">La hist\u00f2ria d\u2019aquestes festes es remunta a quan Sant Jordi va matar el drac a Montblanc. El <strong>1981<\/strong>, un grup de joves de diferents entitats folkl\u00f2riques i de cultura popular montblanquines van voler reivindicar la hist\u00f2ria de la vila a l\u2019Edat Mitjana. I el <strong>1987<\/strong> va n\u00e9ixer l\u2019Associaci\u00f3 medieval de la Llegenda de Sant Jordi amb la finalitat de recuperar un element essencial de la cultura catalana, com tamb\u00e9 de situar, un altre cop, Montblanc al mapa d\u2019una de les festes m\u00e9s importants del pa\u00eds.\u00a0<\/span><\/p>\n<p><span style=\"font-weight: 400;\">Aquell mateix <strong>1987<\/strong>, es va <strong>celebrar i representar la primera llegenda de Sant Jordi<\/strong> a la Pla\u00e7a Major. I l\u2019any seg\u00fcent, es va completar amb la primera celebraci\u00f3 de la Setmana Medieval. Una festa que des de llavors, nom\u00e9s ha anat creixent, sense perdre mai el seu<strong> car\u00e0cter popular i transversal<\/strong>.<\/span><\/p>\n<p><span style=\"font-weight: 400;\"><\/span>Si voleu descobrir tota seva hist\u00f2ria cliqueu <a href=\"https:\/\/www.setmanamedieval.cat\/historia.php\"><strong>aqu\u00ed.<\/strong><\/a><\/p>\n<p><strong><\/strong><\/p>\n<p><!-- \/divi:paragraph --><\/p>\n<p>[\/et_pb_text][\/et_pb_column][\/et_pb_row][et_pb_row _builder_version=&#8221;4.16&#8243; _module_preset=&#8221;default&#8221; global_colors_info=&#8221;{}&#8221;][et_pb_column type=&#8221;4_4&#8243; _builder_version=&#8221;4.16&#8243; _module_preset=&#8221;default&#8221; global_colors_info=&#8221;{}&#8221;][et_pb_image src=&#8221;https:\/\/felixhotel.net\/wp-content\/uploads\/2022\/03\/esta.jpg&#8221; alt=&#8221;Montblanc Setmana Medieval &#8211; F\u00e8lix Hotel&#8221; title_text=&#8221;Montblanc Setmana Medieval &#8211; F\u00e8lix Hotel&#8221; force_fullwidth=&#8221;on&#8221; _builder_version=&#8221;4.16&#8243; _module_preset=&#8221;default&#8221; min_height=&#8221;559px&#8221; global_colors_info=&#8221;{}&#8221;][\/et_pb_image][\/et_pb_column][\/et_pb_row][\/et_pb_section][et_pb_section fb_built=&#8221;1&#8243; _builder_version=&#8221;4.16&#8243; _module_preset=&#8221;default&#8221; min_height=&#8221;897px&#8221; custom_padding=&#8221;0px|||||&#8221; global_colors_info=&#8221;{}&#8221;][et_pb_row _builder_version=&#8221;4.16&#8243; _module_preset=&#8221;default&#8221; min_height=&#8221;519px&#8221; custom_margin=&#8221;|auto|-243px|auto||&#8221; custom_padding=&#8221;0px||0px|||&#8221; global_colors_info=&#8221;{}&#8221;][et_pb_column type=&#8221;4_4&#8243; _builder_version=&#8221;4.16&#8243; _module_preset=&#8221;default&#8221; global_colors_info=&#8221;{}&#8221;][et_pb_text _builder_version=&#8221;4.16&#8243; _module_preset=&#8221;default&#8221; min_height=&#8221;413px&#8221; custom_margin=&#8221;-56px|||||&#8221; custom_padding=&#8221;0px||4px|||&#8221; global_colors_info=&#8221;{}&#8221;]<\/p>\n<h2><strong>Els actes<br \/><\/strong><\/h2>\n<p><strong><\/strong><\/p>\n<p style=\"text-align: justify;\"><span><strong><\/strong><\/span><span><strong><\/strong><\/span><span><\/span><span>La Setmana Medieval se celebra els <strong>dos caps de setmana que envolten la Diada de Sant Jordi<\/strong>, el 23 d\u2019abril. I les festes gaudeixen d\u2019un extens <strong>programa<\/strong> <strong>d\u2019actes<\/strong> que es renova parcialment cada any, enriquint-se cada any m\u00e9s. Els principals actes s\u00f3n:<\/span><\/p>\n<ul>\n<li style=\"text-align: justify;\"><span style=\"font-size: 14px; text-align: left;\"><strong>Representaci\u00f3 de la Llegenda de Sant Jordi:<\/strong> L\u2019acte m\u00e9s emblem\u00e0tic de la jornada. En aquest s\u2019hi representen dues funcions. I representa un gran espectacle de llum i m\u00fasica a les muralles del segle XIV de fons, on s\u2019hi projecta un mapping.\u00a0<\/span><span style=\"font-size: 14px; text-align: left;\"><\/span><\/li>\n<li style=\"text-align: justify;\"><span style=\"font-size: 14px; text-align: left;\"><strong>Mercat<\/strong> <strong>Medieval<\/strong>: Un dels primers mercats medievals que es van celebrar a Catalunya. Aquest mercat, aplega a m\u00e9s de 130 parades de productes exclusivament artesans, distribu\u00efts pels carrers i places del nucli antic g\u00f2tic.<\/span><span style=\"font-size: 14px; text-align: left;\"><\/span><\/li>\n<li style=\"text-align: justify;\"><span style=\"font-size: 14px; text-align: left;\"><strong>Dracum<\/strong> <strong>Nocte<\/strong>: Un espectacle de gran format al punt m\u00e9s alt de la muralla. Bruixes, barjaules i devots del diable s\u00f3n reviscuts per m\u00e9s d\u2019un centenar d\u2019actors que expliquen la hist\u00f2ria de la metamorfosi del Drac dels Quatre Elements.\u00a0<\/span><\/li>\n<li style=\"text-align: justify;\"><span style=\"font-size: 14px; text-align: left;\"><strong>Entrega<\/strong> <strong>de<\/strong> <strong>la<\/strong> <strong>Rosa<\/strong>: El 23 d\u2019abril, la comitiva de les quatre cases nobles dansaran en honor a un dels actes m\u00e9s bells del costumari catal\u00e0: el lliurament de Sant Jordi d\u2019una rosa a la princesa.\u00a0<\/span><\/li>\n<\/ul>\n<p style=\"text-align: justify;\"><span>A banda d\u2019aquests actes, en podeu trobar molts m\u00e9s al programa de la Setmana Medieval <a href=\"https:\/\/www.setmanamedieval.cat\/programa.php\"><strong>aqu\u00ed<\/strong><\/a>, com el <strong>Preg\u00f3 de la Setmana Medieval<\/strong>, que t\u00e9 lloc el 17 d\u2019abril, la <strong>Mostra d\u2019Oficis<\/strong> o l\u2019<strong>Escola Cavalleresca<\/strong>, ideal pels m\u00e9s petits de la casa. Si voleu veure els actes d\u2019una manera m\u00e9s resumida, en <a href=\"https:\/\/www.setmanamedieval.cat\/pdfs\/Avantprograma-web2022.pdf.\"><strong>aquest PDF<\/strong><\/a> trobareu tota la informaci\u00f3.<\/span><span><\/span><\/p>\n<p style=\"text-align: justify;\"><!-- \/divi:paragraph --><\/p>\n<p>[\/et_pb_text][et_pb_text _builder_version=&#8221;4.19.4&#8243; _module_preset=&#8221;default&#8221; min_height=&#8221;222px&#8221; custom_margin=&#8221;-28px||-36px|||&#8221; hover_enabled=&#8221;0&#8243; global_colors_info=&#8221;{}&#8221; sticky_enabled=&#8221;0&#8243;]<\/p>\n<h2><strong>Entrades<\/strong><\/h2>\n<p><strong><\/strong><\/p>\n<p style=\"text-align: justify;\"><span><strong><\/strong><\/span><span><strong><\/strong><\/span><span><\/span><span style=\"font-weight: 400;\">Per a accedir als actes, es necessiten entrades, aquestes es poden comprar <a href=\"https:\/\/entradas.codetickets.com\/entradas\/associaciomedieval,\"><strong>aqu\u00ed<\/strong><\/a><\/span><span style=\"font-weight: 400;\">, tot i aix\u00f2, fins al <strong>21 de mar\u00e7 no estan disponibles<\/strong>, aix\u00ed que estigueu atents que volen!\u00a0\u00a0<\/span><span><\/span><\/p>\n<p><span style=\"font-weight: 400;\">Si voleu <strong>reviure l\u2019Edat Mitjana<\/strong> amb una de les <strong>festes hist\u00f2riques m\u00e9s destacades de Catalunya,<\/strong> aquesta \u00e9s la vostra oportunitat. Podeu consultar tots els detalls a la <a href=\"https:\/\/www.montblancmedieval.cat.\u00a0\"><strong>p\u00e0gina web de Montblanc Medieval<\/strong><\/a>.<\/span><span><\/span><\/p>\n<p><span style=\"font-weight: 400;\"><\/span><\/p>\n<p style=\"text-align: justify;\"><!-- \/divi:paragraph --><\/p>\n<p>[\/et_pb_text][\/et_pb_column][\/et_pb_row][et_pb_row column_structure=&#8221;1_2,1_2&#8243; _builder_version=&#8221;4.16&#8243; _module_preset=&#8221;default&#8221; min_height=&#8221;730px&#8221; custom_margin=&#8221;29px|auto|-316px|auto||&#8221; custom_padding=&#8221;67px||0px|||&#8221; global_colors_info=&#8221;{}&#8221;][et_pb_column type=&#8221;1_2&#8243; _builder_version=&#8221;4.16&#8243; _module_preset=&#8221;default&#8221; global_colors_info=&#8221;{}&#8221;][et_pb_image src=&#8221;https:\/\/felixhotel.net\/wp-content\/uploads\/2021\/04\/FEL_Habitacions_SupBanyera.gif&#8221; title_text=&#8221;FEL_Habitacions_SupBanyera&#8221; _builder_version=&#8221;4.16&#8243; _module_preset=&#8221;default&#8221; min_height=&#8221;317.6px&#8221; custom_margin=&#8221;||33px|||&#8221; global_colors_info=&#8221;{}&#8221;][\/et_pb_image][\/et_pb_column][et_pb_column type=&#8221;1_2&#8243; _builder_version=&#8221;4.16&#8243; _module_preset=&#8221;default&#8221; global_colors_info=&#8221;{}&#8221;][et_pb_text _builder_version=&#8221;4.16&#8243; _module_preset=&#8221;default&#8221; global_colors_info=&#8221;{}&#8221;]<\/p>\n<h2><b>On allotjar-se durant la Setmana Medieval de Montblanc?\u00a0<\/b><\/h2>\n<p><b><\/b><\/p>\n<p style=\"text-align: justify;\"><span style=\"font-weight: 400;\">A nom\u00e9s <strong>20<\/strong> <strong>minuts en cotxe de Montblanc<\/strong>, trobem<\/span><a href=\"https:\/\/felixhotel.net\/ca\/\"><b> F\u00e8lix Hotel<\/b><\/a><span style=\"font-weight: 400;\">, el nostre hotel de Tarragona situat a Valls. F\u00e8lix Hotel far\u00e0 que la vostra estan\u00e7a sigui perfecte amb les seves<a href=\"https:\/\/felixhotel.net\/ca\/habitacions\/suite-amb-banyera-dhidromassatge-xarello\/\"> <strong>suites amb banyera d\u2019hidromassatge Xarel\u00b7lo<\/strong><\/a> o les<a href=\"https:\/\/felixhotel.net\/ca\/habitacions\/superior-amb-banyera\/\"><strong> habitacions superiors amb banyera<\/strong><\/a>.\u00a0<\/span><\/p>\n<p style=\"text-align: justify;\"><span style=\"font-weight: 400;\">I si voleu viure una experi\u00e8ncia completament m\u00e0gica, gaudiu de les nostres escapades <a href=\"https:\/\/felixhotel.net\/ca\/hotel\/escapades-a-tarragona\/\"><strong>aqu\u00ed<\/strong><\/a>.<\/span><\/p>\n<p><span style=\"font-weight: 400;\">Despr\u00e9s d\u2019un dia immers en la hist\u00f2ria de Montblanc, qu\u00e8 millor que tornar al segle XXI amb un hotel d\u2019all\u00f2 m\u00e9s modern i \u00fanic?<\/span><\/p>\n<p><span style=\"font-weight: 400;\">Si visiteu Montblanc durant la Setmana Medieval, no dubteu en etiquetar-nos al nostre Instagram <a href=\"https:\/\/www.instagram.com\/felixhotelvalls\/\"><b>@felixhotelvalls<\/b><\/a><b>.<\/b> Compartirem les vostres fotografies!<\/span><\/p>\n<p>[\/et_pb_text][\/et_pb_column][\/et_pb_row][\/et_pb_section]<\/p>\n","protected":false},"excerpt":{"rendered":"<p>Montblanc: una localitat amb tradici\u00f3 Montblanc \u00e9s un municipi ubicat a la prov\u00edncia de Tarragona i \u00e9s la capital de la Conca de Barber\u00e0, actualment aquesta localitat compta amb una poblaci\u00f3 de 7.433 habitants. El seu nucli antic est\u00e0 declarat com a conjunt hist\u00f2ric-art\u00edstic a causa de la gran hist\u00f2ria i tradici\u00f3 que gaudeix la [&hellip;]<\/p>\n","protected":false},"author":3,"featured_media":10280,"comment_status":"closed","ping_status":"open","sticky":false,"template":"","format":"standard","meta":{"_et_pb_use_builder":"on","_et_pb_old_content":"","_et_gb_content_width":"2880","footnotes":""},"categories":[1,30],"tags":[],"class_list":["post-10267","post","type-post","status-publish","format-standard","has-post-thumbnail","hentry","category-sin-categorizar","category-uncategorized"],"yoast_head":"<!-- This site is optimized with the Yoast SEO plugin v25.0 - https:\/\/yoast.com\/wordpress\/plugins\/seo\/ -->\n<title>Setmana Medieval a Montblanc - Hotel F\u00e8lix<\/title>\n<meta name=\"description\" content=\"Del 22 d&#039;abril a l&#039;1 de maig pots viure una experi\u00e8ncia \u00fanica a Montblanc: la Setmana Medieval, i despr\u00e9s allotjat a l&#039;Hotel F\u00e8lix.\" \/>\n<meta name=\"robots\" content=\"index, follow, max-snippet:-1, max-image-preview:large, max-video-preview:-1\" \/>\n<link rel=\"canonical\" href=\"https:\/\/felixhotel.net\/ca\/setmana-medieval-a-montblanc\/\" \/>\n<meta property=\"og:locale\" content=\"ca_ES\" \/>\n<meta property=\"og:type\" content=\"article\" \/>\n<meta property=\"og:title\" content=\"Setmana Medieval a Montblanc - Hotel F\u00e8lix\" \/>\n<meta property=\"og:description\" content=\"Del 22 d&#039;abril a l&#039;1 de maig pots viure una experi\u00e8ncia \u00fanica a Montblanc: la Setmana Medieval, i despr\u00e9s allotjat a l&#039;Hotel F\u00e8lix.\" \/>\n<meta property=\"og:url\" content=\"https:\/\/felixhotel.net\/ca\/setmana-medieval-a-montblanc\/\" \/>\n<meta property=\"og:site_name\" content=\"F\u00e8lix Hotel\" \/>\n<meta property=\"article:published_time\" content=\"2022-03-09T11:51:57+00:00\" \/>\n<meta property=\"article:modified_time\" content=\"2023-05-17T09:40:22+00:00\" \/>\n<meta property=\"og:image\" content=\"https:\/\/felixhotel.net\/wp-content\/uploads\/2022\/03\/semanamedieval-montblanc.jpg.jpg\" \/>\n\t<meta property=\"og:image:width\" content=\"700\" \/>\n\t<meta property=\"og:image:height\" content=\"450\" \/>\n\t<meta property=\"og:image:type\" content=\"image\/jpeg\" \/>\n<meta name=\"author\" content=\"F\u00e8lix Hotel\" \/>\n<meta name=\"twitter:card\" content=\"summary_large_image\" \/>\n<meta name=\"twitter:label1\" content=\"Escrit per\" \/>\n\t<meta name=\"twitter:data1\" content=\"F\u00e8lix Hotel\" \/>\n\t<meta name=\"twitter:label2\" content=\"Temps estimat de lectura\" \/>\n\t<meta name=\"twitter:data2\" content=\"4 minuts\" \/>\n<script type=\"application\/ld+json\" class=\"yoast-schema-graph\">{\"@context\":\"https:\/\/schema.org\",\"@graph\":[{\"@type\":\"WebPage\",\"@id\":\"https:\/\/felixhotel.net\/ca\/setmana-medieval-a-montblanc\/\",\"url\":\"https:\/\/felixhotel.net\/ca\/setmana-medieval-a-montblanc\/\",\"name\":\"Setmana Medieval a Montblanc - Hotel F\u00e8lix\",\"isPartOf\":{\"@id\":\"https:\/\/felixhotel.net\/ca\/#website\"},\"primaryImageOfPage\":{\"@id\":\"https:\/\/felixhotel.net\/ca\/setmana-medieval-a-montblanc\/#primaryimage\"},\"image\":{\"@id\":\"https:\/\/felixhotel.net\/ca\/setmana-medieval-a-montblanc\/#primaryimage\"},\"thumbnailUrl\":\"https:\/\/felixhotel.net\/wp-content\/uploads\/2022\/03\/semanamedieval-montblanc.jpg.jpg\",\"datePublished\":\"2022-03-09T11:51:57+00:00\",\"dateModified\":\"2023-05-17T09:40:22+00:00\",\"author\":{\"@id\":\"https:\/\/felixhotel.net\/ca\/#\/schema\/person\/1280b995e5736dab0129a01d5c86ef28\"},\"description\":\"Del 22 d'abril a l'1 de maig pots viure una experi\u00e8ncia \u00fanica a Montblanc: la Setmana Medieval, i despr\u00e9s allotjat a l'Hotel F\u00e8lix.\",\"inLanguage\":\"ca\",\"potentialAction\":[{\"@type\":\"ReadAction\",\"target\":[\"https:\/\/felixhotel.net\/ca\/setmana-medieval-a-montblanc\/\"]}]},{\"@type\":\"ImageObject\",\"inLanguage\":\"ca\",\"@id\":\"https:\/\/felixhotel.net\/ca\/setmana-medieval-a-montblanc\/#primaryimage\",\"url\":\"https:\/\/felixhotel.net\/wp-content\/uploads\/2022\/03\/semanamedieval-montblanc.jpg.jpg\",\"contentUrl\":\"https:\/\/felixhotel.net\/wp-content\/uploads\/2022\/03\/semanamedieval-montblanc.jpg.jpg\",\"width\":700,\"height\":450,\"caption\":\"Montblanc Medieval - F\u00e8lix Hotel\"},{\"@type\":\"WebSite\",\"@id\":\"https:\/\/felixhotel.net\/ca\/#website\",\"url\":\"https:\/\/felixhotel.net\/ca\/\",\"name\":\"F\u00e8lix Hotel\",\"description\":\"Hotel en Valls\",\"potentialAction\":[{\"@type\":\"SearchAction\",\"target\":{\"@type\":\"EntryPoint\",\"urlTemplate\":\"https:\/\/felixhotel.net\/ca\/?s={search_term_string}\"},\"query-input\":{\"@type\":\"PropertyValueSpecification\",\"valueRequired\":true,\"valueName\":\"search_term_string\"}}],\"inLanguage\":\"ca\"},{\"@type\":\"Person\",\"@id\":\"https:\/\/felixhotel.net\/ca\/#\/schema\/person\/1280b995e5736dab0129a01d5c86ef28\",\"name\":\"F\u00e8lix Hotel\",\"image\":{\"@type\":\"ImageObject\",\"inLanguage\":\"ca\",\"@id\":\"https:\/\/felixhotel.net\/ca\/#\/schema\/person\/image\/\",\"url\":\"https:\/\/secure.gravatar.com\/avatar\/7b64d242e1a4d971131c51bed91d2809b2d0e71cb40a3fe001133741b4620214?s=96&d=mm&r=g\",\"contentUrl\":\"https:\/\/secure.gravatar.com\/avatar\/7b64d242e1a4d971131c51bed91d2809b2d0e71cb40a3fe001133741b4620214?s=96&d=mm&r=g\",\"caption\":\"F\u00e8lix Hotel\"},\"url\":\"https:\/\/felixhotel.net\/ca\/author\/felix\/\"}]}<\/script>\n<!-- \/ Yoast SEO plugin. -->","yoast_head_json":{"title":"Setmana Medieval a Montblanc - Hotel F\u00e8lix","description":"Del 22 d'abril a l'1 de maig pots viure una experi\u00e8ncia \u00fanica a Montblanc: la Setmana Medieval, i despr\u00e9s allotjat a l'Hotel F\u00e8lix.","robots":{"index":"index","follow":"follow","max-snippet":"max-snippet:-1","max-image-preview":"max-image-preview:large","max-video-preview":"max-video-preview:-1"},"canonical":"https:\/\/felixhotel.net\/ca\/setmana-medieval-a-montblanc\/","og_locale":"ca_ES","og_type":"article","og_title":"Setmana Medieval a Montblanc - Hotel F\u00e8lix","og_description":"Del 22 d'abril a l'1 de maig pots viure una experi\u00e8ncia \u00fanica a Montblanc: la Setmana Medieval, i despr\u00e9s allotjat a l'Hotel F\u00e8lix.","og_url":"https:\/\/felixhotel.net\/ca\/setmana-medieval-a-montblanc\/","og_site_name":"F\u00e8lix Hotel","article_published_time":"2022-03-09T11:51:57+00:00","article_modified_time":"2023-05-17T09:40:22+00:00","og_image":[{"width":700,"height":450,"url":"https:\/\/felixhotel.net\/wp-content\/uploads\/2022\/03\/semanamedieval-montblanc.jpg.jpg","type":"image\/jpeg"}],"author":"F\u00e8lix Hotel","twitter_card":"summary_large_image","twitter_misc":{"Escrit per":"F\u00e8lix Hotel","Temps estimat de lectura":"4 minuts"},"schema":{"@context":"https:\/\/schema.org","@graph":[{"@type":"WebPage","@id":"https:\/\/felixhotel.net\/ca\/setmana-medieval-a-montblanc\/","url":"https:\/\/felixhotel.net\/ca\/setmana-medieval-a-montblanc\/","name":"Setmana Medieval a Montblanc - Hotel F\u00e8lix","isPartOf":{"@id":"https:\/\/felixhotel.net\/ca\/#website"},"primaryImageOfPage":{"@id":"https:\/\/felixhotel.net\/ca\/setmana-medieval-a-montblanc\/#primaryimage"},"image":{"@id":"https:\/\/felixhotel.net\/ca\/setmana-medieval-a-montblanc\/#primaryimage"},"thumbnailUrl":"https:\/\/felixhotel.net\/wp-content\/uploads\/2022\/03\/semanamedieval-montblanc.jpg.jpg","datePublished":"2022-03-09T11:51:57+00:00","dateModified":"2023-05-17T09:40:22+00:00","author":{"@id":"https:\/\/felixhotel.net\/ca\/#\/schema\/person\/1280b995e5736dab0129a01d5c86ef28"},"description":"Del 22 d'abril a l'1 de maig pots viure una experi\u00e8ncia \u00fanica a Montblanc: la Setmana Medieval, i despr\u00e9s allotjat a l'Hotel F\u00e8lix.","inLanguage":"ca","potentialAction":[{"@type":"ReadAction","target":["https:\/\/felixhotel.net\/ca\/setmana-medieval-a-montblanc\/"]}]},{"@type":"ImageObject","inLanguage":"ca","@id":"https:\/\/felixhotel.net\/ca\/setmana-medieval-a-montblanc\/#primaryimage","url":"https:\/\/felixhotel.net\/wp-content\/uploads\/2022\/03\/semanamedieval-montblanc.jpg.jpg","contentUrl":"https:\/\/felixhotel.net\/wp-content\/uploads\/2022\/03\/semanamedieval-montblanc.jpg.jpg","width":700,"height":450,"caption":"Montblanc Medieval - F\u00e8lix Hotel"},{"@type":"WebSite","@id":"https:\/\/felixhotel.net\/ca\/#website","url":"https:\/\/felixhotel.net\/ca\/","name":"F\u00e8lix Hotel","description":"Hotel en Valls","potentialAction":[{"@type":"SearchAction","target":{"@type":"EntryPoint","urlTemplate":"https:\/\/felixhotel.net\/ca\/?s={search_term_string}"},"query-input":{"@type":"PropertyValueSpecification","valueRequired":true,"valueName":"search_term_string"}}],"inLanguage":"ca"},{"@type":"Person","@id":"https:\/\/felixhotel.net\/ca\/#\/schema\/person\/1280b995e5736dab0129a01d5c86ef28","name":"F\u00e8lix Hotel","image":{"@type":"ImageObject","inLanguage":"ca","@id":"https:\/\/felixhotel.net\/ca\/#\/schema\/person\/image\/","url":"https:\/\/secure.gravatar.com\/avatar\/7b64d242e1a4d971131c51bed91d2809b2d0e71cb40a3fe001133741b4620214?s=96&d=mm&r=g","contentUrl":"https:\/\/secure.gravatar.com\/avatar\/7b64d242e1a4d971131c51bed91d2809b2d0e71cb40a3fe001133741b4620214?s=96&d=mm&r=g","caption":"F\u00e8lix Hotel"},"url":"https:\/\/felixhotel.net\/ca\/author\/felix\/"}]}},"_links":{"self":[{"href":"https:\/\/felixhotel.net\/ca\/wp-json\/wp\/v2\/posts\/10267","targetHints":{"allow":["GET"]}}],"collection":[{"href":"https:\/\/felixhotel.net\/ca\/wp-json\/wp\/v2\/posts"}],"about":[{"href":"https:\/\/felixhotel.net\/ca\/wp-json\/wp\/v2\/types\/post"}],"author":[{"embeddable":true,"href":"https:\/\/felixhotel.net\/ca\/wp-json\/wp\/v2\/users\/3"}],"replies":[{"embeddable":true,"href":"https:\/\/felixhotel.net\/ca\/wp-json\/wp\/v2\/comments?post=10267"}],"version-history":[{"count":0,"href":"https:\/\/felixhotel.net\/ca\/wp-json\/wp\/v2\/posts\/10267\/revisions"}],"wp:featuredmedia":[{"embeddable":true,"href":"https:\/\/felixhotel.net\/ca\/wp-json\/wp\/v2\/media\/10280"}],"wp:attachment":[{"href":"https:\/\/felixhotel.net\/ca\/wp-json\/wp\/v2\/media?parent=10267"}],"wp:term":[{"taxonomy":"category","embeddable":true,"href":"https:\/\/felixhotel.net\/ca\/wp-json\/wp\/v2\/categories?post=10267"},{"taxonomy":"post_tag","embeddable":true,"href":"https:\/\/felixhotel.net\/ca\/wp-json\/wp\/v2\/tags?post=10267"}],"curies":[{"name":"wp","href":"https:\/\/api.w.org\/{rel}","templated":true}]}}