{"id":10077,"date":"2022-02-16T09:58:23","date_gmt":"2022-02-16T09:58:23","guid":{"rendered":"https:\/\/felixhotel.net\/?p=10077"},"modified":"2023-05-17T09:44:52","modified_gmt":"2023-05-17T09:44:52","slug":"la-gran-festa-de-la-calcotada","status":"publish","type":"post","link":"https:\/\/felixhotel.net\/ca\/la-gran-festa-de-la-calcotada\/","title":{"rendered":"La Gran Festa de la Cal\u00e7otada"},"content":{"rendered":"<p>[et_pb_section fb_built=&#8221;1&#8243; _builder_version=&#8221;4.16&#8243; min_height=&#8221;1191px&#8221; custom_margin=&#8221;-63px|||||&#8221; custom_padding=&#8221;||0px|||&#8221; global_colors_info=&#8221;{}&#8221;][et_pb_row _builder_version=&#8221;4.16&#8243; _module_preset=&#8221;default&#8221; min_height=&#8221;188.2px&#8221; custom_margin=&#8221;|auto||auto|false|false&#8221; global_colors_info=&#8221;{}&#8221;][et_pb_column type=&#8221;4_4&#8243; _builder_version=&#8221;4.16&#8243; _module_preset=&#8221;default&#8221; global_colors_info=&#8221;{}&#8221;][et_pb_text _builder_version=&#8221;4.16&#8243; text_font_size=&#8221;15px&#8221; background_size=&#8221;initial&#8221; background_position=&#8221;top_left&#8221; background_repeat=&#8221;repeat&#8221; width=&#8221;100%&#8221; custom_padding=&#8221;||1px|||&#8221; global_colors_info=&#8221;{}&#8221;]<\/p>\n<h1 style=\"text-align: justify;\"><strong>S&#8217;enceta la temporada de cal\u00e7ots a Valls<\/strong><\/h1>\n<p><strong><\/strong><\/p>\n<p>El passat 23 de gener a la ciutat de Valls va esdevenir la <strong>Gran Festa de la Cal\u00e7otada<\/strong>, un esdeveniment que obre la temporada de cal\u00e7ots que conclour\u00e0 a l&#8217;abril. Al llarg d&#8217;aquesta jornada gastron\u00f2mica es van dur a terme diferents <strong>actes populars i festius<\/strong> al voltant del cal\u00e7ot, com ara concursos d&#8217;elaborar salsa de cal\u00e7ots, de menjar-ne i de cultivadors, com tamb\u00e9 cercaviles pels carrers del poble i \u00a0demostracions de cocci\u00f3 cal\u00e7ots.<\/p>\n<p>&nbsp;<\/p>\n<h2><b>Torna la Festa de la Cal\u00e7otada<\/b><\/h2>\n<p style=\"text-align: justify;\">L&#8217;any passat aquesta tradici\u00f3 vallenca es va suspendre a causa de la pand\u00e8mia, \u00e9s per aix\u00f2 que aquest any els ciutadans de Valls i els apassionats d&#8217;aquest menjar t\u00edpic de la gastronomia catalana tenien m\u00e9s ganes que mai de celebrar la Festa de la Cal\u00e7otada a priori de les festes Decennals de Valls, batent un r\u00e8cord d&#8217;assist\u00e8ncia. Al voltant de <strong>40.000 persones<\/strong> van assistir a la gran festivitat de la ciutat de l&#8217;Alt Camp, per tant, es pot considerar que va ser tot un<strong> \u00e8xit.<\/strong><\/p>\n<p style=\"text-align: justify;\">La Gran Festa de la Cal\u00e7otada va acollir a una <strong>cinquantena de mitjans de comunicaci\u00f3<\/strong>, al voltant d&#8217;una <strong>setantena de voluntaris<\/strong> i es van <strong>vendre una xifra de 60.000 cal\u00e7ots<\/strong> sense sumar-li els que es van comercialitzar via els comer\u00e7os i restaurants de Valls i voltants.<\/p>\n<p style=\"text-align: justify;\">Si voleu saber m\u00e9s sobre la gran festa de la cal\u00e7otada, al blog de <strong><a href=\"https:\/\/felixhotel.net\/ca\/\">F\u00e8lix Hotel<\/a><\/strong> us ho expliquem!<\/p>\n<p>&nbsp;<\/p>\n<p>&nbsp;<\/p>\n<p>&nbsp;<\/p>\n<p><!-- \/divi:paragraph -->[\/et_pb_text][\/et_pb_column][\/et_pb_row][et_pb_row _builder_version=&#8221;4.16&#8243; _module_preset=&#8221;default&#8221; min_height=&#8221;391px&#8221; custom_margin=&#8221;-11px|auto|-40px|auto||&#8221; custom_padding=&#8221;7px||4px|||&#8221; global_colors_info=&#8221;{}&#8221;][et_pb_column type=&#8221;4_4&#8243; _builder_version=&#8221;4.16&#8243; _module_preset=&#8221;default&#8221; global_colors_info=&#8221;{}&#8221;][et_pb_text _builder_version=&#8221;4.19.4&#8243; _module_preset=&#8221;default&#8221; min_height=&#8221;368.2px&#8221; custom_margin=&#8221;-77px||||false|false&#8221; custom_padding=&#8221;||0px|||&#8221; hover_enabled=&#8221;0&#8243; global_colors_info=&#8221;{}&#8221; sticky_enabled=&#8221;0&#8243;]<\/p>\n<h2 style=\"text-align: justify;\"><strong>Concursos populars<\/strong><strong><\/strong><\/h2>\n<p style=\"text-align: justify;\"><span class=\"hiddenGrammarError\" onkeypress=\"PUNT_FINAL---#---2---#---Si no \u00e9s un t\u00edtol, falta un punt al final de la &lt;br\/&gt;frase.---#---II.---#---II\">La cambra de comer\u00e7 de Valls en aquesta festivitat tan especial pel temple dels cal\u00e7ots, com ja hem avan\u00e7at, organitza \u00a0cada any un seguit de <strong>concursos<\/strong> al voltant de la figura del cal\u00e7ot. El concurs que m\u00e9s antiguitat t\u00e9, \u00e9s el de menjar cal\u00e7ots, concurs que com el seu nom diu es tracta de <strong>menjar el n\u00famero m\u00e9s alt de cal\u00e7ots en un temps limitat de 45 minuts<\/strong>. Pr\u00e8viament al concurs, les colles dels Xiquets de Valls van enfilar-se als seus pilars i tot seguit va comen\u00e7ar el concurs.<\/span><\/p>\n<p style=\"text-align: justify;\">Dins dels concursos d&#8217;aquesta festivitat, ens trobem el <strong>concurs de cultivadors de cal\u00e7ots<\/strong>, on diferents professionals de l&#8217;agricultura cultivadors d&#8217;aquest vegetal t\u00edpic inscrits a la IGP presenten el seu producte. Segons l&#8217;opini\u00f3 del jurat, el <strong>cal\u00e7ot m\u00e9s ben cultivat<\/strong> \u00e9s el qui es va emportar el premi, en aquest cas aquest any el cultivador guardonat va ser <strong>Daniel Rovira.<\/strong><\/p>\n<p style=\"text-align: justify;\">Seguint amb els concursos, es va celebrar el <strong>30\u00e8 concurs d&#8217;elaboraci\u00f3 de salsa de cal\u00e7ots<\/strong>, amb demostracions de com s&#8217;elabora aquesta salsa t\u00edpica amb la qual s&#8217;acompanyen els cal\u00e7ots. Els guanyadors seran guardonats amb un morter exclusiu de fang. Tamb\u00e9 es va dur a terme una demostraci\u00f3 que fa pocs anys que se celebra, en concret, aquest ser\u00e0 el cinqu\u00e8 any, on es mostra com s&#8217;elabora la salsa de cal\u00e7ots per a cel\u00edacs i per als intolerants dels fruits secs.<\/p>\n<p>[\/et_pb_text][et_pb_image src=&#8221;https:\/\/felixhotel.net\/wp-content\/uploads\/2022\/02\/fiesta_calcotada_valls.png&#8221; alt=&#8221;La Gran Festa de la Cal\u00e7otada&#8221; title_text=&#8221;La Gran Festa de la Cal\u00e7otada&#8221; force_fullwidth=&#8221;on&#8221; _builder_version=&#8221;4.16&#8243; _module_preset=&#8221;default&#8221; custom_margin=&#8221;-100px||||false|false&#8221; global_colors_info=&#8221;{}&#8221;][\/et_pb_image][\/et_pb_column][\/et_pb_row][\/et_pb_section][et_pb_section fb_built=&#8221;1&#8243; _builder_version=&#8221;4.16&#8243; _module_preset=&#8221;default&#8221; min_height=&#8221;427px&#8221; custom_margin=&#8221;||||false|false&#8221; custom_padding=&#8221;0px||0px|||&#8221; global_colors_info=&#8221;{}&#8221;][et_pb_row column_structure=&#8221;1_2,1_2&#8243; _builder_version=&#8221;4.16&#8243; _module_preset=&#8221;default&#8221; global_colors_info=&#8221;{}&#8221;][et_pb_column type=&#8221;1_2&#8243; _builder_version=&#8221;4.16&#8243; _module_preset=&#8221;default&#8221; global_colors_info=&#8221;{}&#8221;][et_pb_image src=&#8221;https:\/\/felixhotel.net\/wp-content\/uploads\/2022\/02\/FEL-Gener-22-1501.png&#8221; alt=&#8221;La Gran Festa de la Cal\u00e7otada&#8221; title_text=&#8221;La Gran Festa de la Cal\u00e7otada&#8221; force_fullwidth=&#8221;on&#8221; _builder_version=&#8221;4.16&#8243; _module_preset=&#8221;default&#8221; min_height=&#8221;344.2px&#8221; custom_margin=&#8221;-243px|||||&#8221; custom_padding=&#8221;293px|||||&#8221; global_colors_info=&#8221;{}&#8221;][\/et_pb_image][\/et_pb_column][et_pb_column type=&#8221;1_2&#8243; _builder_version=&#8221;4.16&#8243; _module_preset=&#8221;default&#8221; global_colors_info=&#8221;{}&#8221;][et_pb_text _builder_version=&#8221;4.16&#8243; _module_preset=&#8221;default&#8221; custom_margin=&#8221;-247px|||||&#8221; custom_padding=&#8221;301px|||||&#8221; global_colors_info=&#8221;{}&#8221;]<\/p>\n<h2><strong>Allotjament i cal\u00e7otada<\/strong><\/h2>\n<p><span style=\"font-weight: 400;\">A nom\u00e9s 5 minuts en cotxe de la ciutat de Valls, on se celebra La Gran Festa de la Cal\u00e7otada, trobem <\/span><span style=\"font-weight: 400;\"><strong>F\u00e8lix Hotel<\/strong>, \u00a0<\/span><span style=\"font-weight: 400;\">el nostre <a href=\"https:\/\/felixhotel.net\/ca\/\"><strong>Hotel de Tarragona.<\/strong><\/a> <\/span><span style=\"font-weight: 400;\">Un hotel familiar perfecte per allotjar-se <\/span><span style=\"font-weight: 400;\">per a no perdre&#8217;s La Gran Cal\u00e7otada de <\/span><span style=\"font-weight: 400;\">l&#8217;any que ve.<\/span><\/p>\n<p style=\"text-align: justify;\">Si no voleu esperar tant de temps, al nostre restaurant <strong>Casa F\u00e8lix<\/strong> fem <a href=\"https:\/\/felixhotel.net\/ca\/calcotada-a-valls\/\"><strong>l&#8217;aut\u00e8ntica cal\u00e7otada<\/strong><\/a>. Podeu gaudir del men\u00fa cal\u00e7otada \u00a0al nostre restaurant o podeu escollir entre una de les dues opcions per emportar que us oferim.<\/p>\n<p style=\"text-align: justify;\">Tamb\u00e9 tenim la opci\u00f3 d&#8217;<strong><a href=\"https:\/\/felixhotel.net\/ca\/promociones\/escapada-amb-calcotada\/\">escapada amb cal\u00e7otada<\/a><\/strong>, on podreu gaudir d&#8217;una de les nostres suites i d&#8217;una tradicional cal\u00e7otada.<\/p>\n<p style=\"text-align: justify;\"><span style=\"font-weight: 400;\">Si ens visiteu<\/span><span style=\"font-weight: 400;\">, <\/span><span style=\"font-weight: 400;\">no <\/span><span style=\"font-weight: 400;\">dubteu <\/span><span style=\"font-weight: 400;\">en etiquetar-nos\u00a0<\/span><span style=\"font-size: 14px;\">al nostre Instagram <strong><a href=\"https:\/\/www.instagram.com\/felixhotelvalls\/\">@felixhotelvalls<\/a>.<\/strong> <\/span><span style=\"font-size: 14px;\">Compartirem les vostres fotografies!\u00a0<\/span><span style=\"font-weight: 400;\"><\/span><\/p>\n<p>[\/et_pb_text][\/et_pb_column][\/et_pb_row][\/et_pb_section]<\/p>\n","protected":false},"excerpt":{"rendered":"<p>S&#8217;enceta la temporada de cal\u00e7ots a Valls El passat 23 de gener a la ciutat de Valls va esdevenir la Gran Festa de la Cal\u00e7otada, un esdeveniment que obre la temporada de cal\u00e7ots que conclour\u00e0 a l&#8217;abril. Al llarg d&#8217;aquesta jornada gastron\u00f2mica es van dur a terme diferents actes populars i festius al voltant del [&hellip;]<\/p>\n","protected":false},"author":3,"featured_media":10147,"comment_status":"closed","ping_status":"open","sticky":false,"template":"","format":"standard","meta":{"_et_pb_use_builder":"on","_et_pb_old_content":"","_et_gb_content_width":"2880","footnotes":""},"categories":[1,30],"tags":[],"class_list":["post-10077","post","type-post","status-publish","format-standard","has-post-thumbnail","hentry","category-sin-categorizar","category-uncategorized"],"yoast_head":"<!-- This site is optimized with the Yoast SEO plugin v25.0 - https:\/\/yoast.com\/wordpress\/plugins\/seo\/ -->\n<title>La Gran Festa de la Cal\u00e7otada - F\u00e8lix Hotel<\/title>\n<meta name=\"description\" content=\"El 23 de gener va tenir lloc la Gran Festa de la Cal\u00e7otada. Un esdeveniment anual que enceta la temporada de cal\u00e7ots a Valls.\" \/>\n<meta name=\"robots\" content=\"index, follow, max-snippet:-1, max-image-preview:large, max-video-preview:-1\" \/>\n<link rel=\"canonical\" href=\"https:\/\/felixhotel.net\/ca\/la-gran-festa-de-la-calcotada\/\" \/>\n<meta property=\"og:locale\" content=\"ca_ES\" \/>\n<meta property=\"og:type\" content=\"article\" \/>\n<meta property=\"og:title\" content=\"La Gran Festa de la Cal\u00e7otada - F\u00e8lix Hotel\" \/>\n<meta property=\"og:description\" content=\"El 23 de gener va tenir lloc la Gran Festa de la Cal\u00e7otada. Un esdeveniment anual que enceta la temporada de cal\u00e7ots a Valls.\" \/>\n<meta property=\"og:url\" content=\"https:\/\/felixhotel.net\/ca\/la-gran-festa-de-la-calcotada\/\" \/>\n<meta property=\"og:site_name\" content=\"F\u00e8lix Hotel\" \/>\n<meta property=\"article:published_time\" content=\"2022-02-16T09:58:23+00:00\" \/>\n<meta property=\"article:modified_time\" content=\"2023-05-17T09:44:52+00:00\" \/>\n<meta property=\"og:image\" content=\"https:\/\/felixhotel.net\/wp-content\/uploads\/2022\/02\/FEL-Gener-22-042.png\" \/>\n\t<meta property=\"og:image:width\" content=\"450\" \/>\n\t<meta property=\"og:image:height\" content=\"300\" \/>\n\t<meta property=\"og:image:type\" content=\"image\/png\" \/>\n<meta name=\"author\" content=\"F\u00e8lix Hotel\" \/>\n<meta name=\"twitter:card\" content=\"summary_large_image\" \/>\n<meta name=\"twitter:label1\" content=\"Escrit per\" \/>\n\t<meta name=\"twitter:data1\" content=\"F\u00e8lix Hotel\" \/>\n\t<meta name=\"twitter:label2\" content=\"Temps estimat de lectura\" \/>\n\t<meta name=\"twitter:data2\" content=\"4 minuts\" \/>\n<script type=\"application\/ld+json\" class=\"yoast-schema-graph\">{\"@context\":\"https:\/\/schema.org\",\"@graph\":[{\"@type\":\"WebPage\",\"@id\":\"https:\/\/felixhotel.net\/ca\/la-gran-festa-de-la-calcotada\/\",\"url\":\"https:\/\/felixhotel.net\/ca\/la-gran-festa-de-la-calcotada\/\",\"name\":\"La Gran Festa de la Cal\u00e7otada - F\u00e8lix Hotel\",\"isPartOf\":{\"@id\":\"https:\/\/felixhotel.net\/ca\/#website\"},\"primaryImageOfPage\":{\"@id\":\"https:\/\/felixhotel.net\/ca\/la-gran-festa-de-la-calcotada\/#primaryimage\"},\"image\":{\"@id\":\"https:\/\/felixhotel.net\/ca\/la-gran-festa-de-la-calcotada\/#primaryimage\"},\"thumbnailUrl\":\"https:\/\/felixhotel.net\/wp-content\/uploads\/2022\/02\/FEL-Gener-22-042.png\",\"datePublished\":\"2022-02-16T09:58:23+00:00\",\"dateModified\":\"2023-05-17T09:44:52+00:00\",\"author\":{\"@id\":\"https:\/\/felixhotel.net\/ca\/#\/schema\/person\/1280b995e5736dab0129a01d5c86ef28\"},\"description\":\"El 23 de gener va tenir lloc la Gran Festa de la Cal\u00e7otada. Un esdeveniment anual que enceta la temporada de cal\u00e7ots a Valls.\",\"inLanguage\":\"ca\",\"potentialAction\":[{\"@type\":\"ReadAction\",\"target\":[\"https:\/\/felixhotel.net\/ca\/la-gran-festa-de-la-calcotada\/\"]}]},{\"@type\":\"ImageObject\",\"inLanguage\":\"ca\",\"@id\":\"https:\/\/felixhotel.net\/ca\/la-gran-festa-de-la-calcotada\/#primaryimage\",\"url\":\"https:\/\/felixhotel.net\/wp-content\/uploads\/2022\/02\/FEL-Gener-22-042.png\",\"contentUrl\":\"https:\/\/felixhotel.net\/wp-content\/uploads\/2022\/02\/FEL-Gener-22-042.png\",\"width\":450,\"height\":300,\"caption\":\"La Gran Festa de la Cal\u00e7otada\"},{\"@type\":\"WebSite\",\"@id\":\"https:\/\/felixhotel.net\/ca\/#website\",\"url\":\"https:\/\/felixhotel.net\/ca\/\",\"name\":\"F\u00e8lix Hotel\",\"description\":\"Hotel en Valls\",\"potentialAction\":[{\"@type\":\"SearchAction\",\"target\":{\"@type\":\"EntryPoint\",\"urlTemplate\":\"https:\/\/felixhotel.net\/ca\/?s={search_term_string}\"},\"query-input\":{\"@type\":\"PropertyValueSpecification\",\"valueRequired\":true,\"valueName\":\"search_term_string\"}}],\"inLanguage\":\"ca\"},{\"@type\":\"Person\",\"@id\":\"https:\/\/felixhotel.net\/ca\/#\/schema\/person\/1280b995e5736dab0129a01d5c86ef28\",\"name\":\"F\u00e8lix Hotel\",\"image\":{\"@type\":\"ImageObject\",\"inLanguage\":\"ca\",\"@id\":\"https:\/\/felixhotel.net\/ca\/#\/schema\/person\/image\/\",\"url\":\"https:\/\/secure.gravatar.com\/avatar\/7b64d242e1a4d971131c51bed91d2809b2d0e71cb40a3fe001133741b4620214?s=96&d=mm&r=g\",\"contentUrl\":\"https:\/\/secure.gravatar.com\/avatar\/7b64d242e1a4d971131c51bed91d2809b2d0e71cb40a3fe001133741b4620214?s=96&d=mm&r=g\",\"caption\":\"F\u00e8lix Hotel\"},\"url\":\"https:\/\/felixhotel.net\/ca\/author\/felix\/\"}]}<\/script>\n<!-- \/ Yoast SEO plugin. -->","yoast_head_json":{"title":"La Gran Festa de la Cal\u00e7otada - F\u00e8lix Hotel","description":"El 23 de gener va tenir lloc la Gran Festa de la Cal\u00e7otada. Un esdeveniment anual que enceta la temporada de cal\u00e7ots a Valls.","robots":{"index":"index","follow":"follow","max-snippet":"max-snippet:-1","max-image-preview":"max-image-preview:large","max-video-preview":"max-video-preview:-1"},"canonical":"https:\/\/felixhotel.net\/ca\/la-gran-festa-de-la-calcotada\/","og_locale":"ca_ES","og_type":"article","og_title":"La Gran Festa de la Cal\u00e7otada - F\u00e8lix Hotel","og_description":"El 23 de gener va tenir lloc la Gran Festa de la Cal\u00e7otada. Un esdeveniment anual que enceta la temporada de cal\u00e7ots a Valls.","og_url":"https:\/\/felixhotel.net\/ca\/la-gran-festa-de-la-calcotada\/","og_site_name":"F\u00e8lix Hotel","article_published_time":"2022-02-16T09:58:23+00:00","article_modified_time":"2023-05-17T09:44:52+00:00","og_image":[{"width":450,"height":300,"url":"https:\/\/felixhotel.net\/wp-content\/uploads\/2022\/02\/FEL-Gener-22-042.png","type":"image\/png"}],"author":"F\u00e8lix Hotel","twitter_card":"summary_large_image","twitter_misc":{"Escrit per":"F\u00e8lix Hotel","Temps estimat de lectura":"4 minuts"},"schema":{"@context":"https:\/\/schema.org","@graph":[{"@type":"WebPage","@id":"https:\/\/felixhotel.net\/ca\/la-gran-festa-de-la-calcotada\/","url":"https:\/\/felixhotel.net\/ca\/la-gran-festa-de-la-calcotada\/","name":"La Gran Festa de la Cal\u00e7otada - F\u00e8lix Hotel","isPartOf":{"@id":"https:\/\/felixhotel.net\/ca\/#website"},"primaryImageOfPage":{"@id":"https:\/\/felixhotel.net\/ca\/la-gran-festa-de-la-calcotada\/#primaryimage"},"image":{"@id":"https:\/\/felixhotel.net\/ca\/la-gran-festa-de-la-calcotada\/#primaryimage"},"thumbnailUrl":"https:\/\/felixhotel.net\/wp-content\/uploads\/2022\/02\/FEL-Gener-22-042.png","datePublished":"2022-02-16T09:58:23+00:00","dateModified":"2023-05-17T09:44:52+00:00","author":{"@id":"https:\/\/felixhotel.net\/ca\/#\/schema\/person\/1280b995e5736dab0129a01d5c86ef28"},"description":"El 23 de gener va tenir lloc la Gran Festa de la Cal\u00e7otada. Un esdeveniment anual que enceta la temporada de cal\u00e7ots a Valls.","inLanguage":"ca","potentialAction":[{"@type":"ReadAction","target":["https:\/\/felixhotel.net\/ca\/la-gran-festa-de-la-calcotada\/"]}]},{"@type":"ImageObject","inLanguage":"ca","@id":"https:\/\/felixhotel.net\/ca\/la-gran-festa-de-la-calcotada\/#primaryimage","url":"https:\/\/felixhotel.net\/wp-content\/uploads\/2022\/02\/FEL-Gener-22-042.png","contentUrl":"https:\/\/felixhotel.net\/wp-content\/uploads\/2022\/02\/FEL-Gener-22-042.png","width":450,"height":300,"caption":"La Gran Festa de la Cal\u00e7otada"},{"@type":"WebSite","@id":"https:\/\/felixhotel.net\/ca\/#website","url":"https:\/\/felixhotel.net\/ca\/","name":"F\u00e8lix Hotel","description":"Hotel en Valls","potentialAction":[{"@type":"SearchAction","target":{"@type":"EntryPoint","urlTemplate":"https:\/\/felixhotel.net\/ca\/?s={search_term_string}"},"query-input":{"@type":"PropertyValueSpecification","valueRequired":true,"valueName":"search_term_string"}}],"inLanguage":"ca"},{"@type":"Person","@id":"https:\/\/felixhotel.net\/ca\/#\/schema\/person\/1280b995e5736dab0129a01d5c86ef28","name":"F\u00e8lix Hotel","image":{"@type":"ImageObject","inLanguage":"ca","@id":"https:\/\/felixhotel.net\/ca\/#\/schema\/person\/image\/","url":"https:\/\/secure.gravatar.com\/avatar\/7b64d242e1a4d971131c51bed91d2809b2d0e71cb40a3fe001133741b4620214?s=96&d=mm&r=g","contentUrl":"https:\/\/secure.gravatar.com\/avatar\/7b64d242e1a4d971131c51bed91d2809b2d0e71cb40a3fe001133741b4620214?s=96&d=mm&r=g","caption":"F\u00e8lix Hotel"},"url":"https:\/\/felixhotel.net\/ca\/author\/felix\/"}]}},"_links":{"self":[{"href":"https:\/\/felixhotel.net\/ca\/wp-json\/wp\/v2\/posts\/10077","targetHints":{"allow":["GET"]}}],"collection":[{"href":"https:\/\/felixhotel.net\/ca\/wp-json\/wp\/v2\/posts"}],"about":[{"href":"https:\/\/felixhotel.net\/ca\/wp-json\/wp\/v2\/types\/post"}],"author":[{"embeddable":true,"href":"https:\/\/felixhotel.net\/ca\/wp-json\/wp\/v2\/users\/3"}],"replies":[{"embeddable":true,"href":"https:\/\/felixhotel.net\/ca\/wp-json\/wp\/v2\/comments?post=10077"}],"version-history":[{"count":0,"href":"https:\/\/felixhotel.net\/ca\/wp-json\/wp\/v2\/posts\/10077\/revisions"}],"wp:featuredmedia":[{"embeddable":true,"href":"https:\/\/felixhotel.net\/ca\/wp-json\/wp\/v2\/media\/10147"}],"wp:attachment":[{"href":"https:\/\/felixhotel.net\/ca\/wp-json\/wp\/v2\/media?parent=10077"}],"wp:term":[{"taxonomy":"category","embeddable":true,"href":"https:\/\/felixhotel.net\/ca\/wp-json\/wp\/v2\/categories?post=10077"},{"taxonomy":"post_tag","embeddable":true,"href":"https:\/\/felixhotel.net\/ca\/wp-json\/wp\/v2\/tags?post=10077"}],"curies":[{"name":"wp","href":"https:\/\/api.w.org\/{rel}","templated":true}]}}